{"id":19981,"date":"2026-03-05T12:08:00","date_gmt":"2026-03-05T15:08:00","guid":{"rendered":"https:\/\/diariodepernambuco.audiencelabs.com.br\/?p=19981"},"modified":"2026-03-04T17:09:37","modified_gmt":"2026-03-04T20:09:37","slug":"ira-bate-o-martelo-sobre-acordo-de-paz-com-os-eua","status":"publish","type":"post","link":"https:\/\/diariodepernambuco.audiencelabs.com.br\/ira-bate-o-martelo-sobre-acordo-de-paz-com-os-eua\/","title":{"rendered":"Ir\u00e3 bate o martelo sobre acordo de paz com os EUA"},"content":{"rendered":"\n<p>Em meio \u00e0 escalada de tens\u00e3o no Oriente M\u00e9dio, com ataques militares e retalia\u00e7\u00f5es entre as for\u00e7as do Ir\u00e3 e dos Estados Unidos, a possibilidade de um acordo de paz direto entre os pa\u00edses foi descartada pelas autoridades iranianas. O embaixador do Ir\u00e3 nas Na\u00e7\u00f5es Unidas em Genebra, Ali Bahreini, declarou que Teer\u00e3 n\u00e3o entrou em contato com Washington para iniciar negocia\u00e7\u00f5es ou reduzir o conflito.<\/p>\n\n\n\n<p>Bahreini afirmou que, no momento, o governo iraniano v\u00ea pouca utilidade em negocia\u00e7\u00f5es com os Estados Unidos e que \u201ca \u00fanica linguagem para conversar com os EUA \u00e9 a da defesa\u201d, o que implica uma postura prioritariamente militar e de resist\u00eancia, em vez de compromissos diplom\u00e1ticos.<\/p>\n\n\n\n<p>Esse posicionamento acontece poucos dias ap\u00f3s ataques a\u00e9reos americanos e israelenses que atingiram o territ\u00f3rio iraniano e resultaram na morte de l\u00edderes importantes. Entretanto, apesar da fala dura de Teer\u00e3, relatos internacionais mencionam que houve rodadas de conversas indiretas em Genebra, com a media\u00e7\u00e3o de Om\u00e3, e que alguns progressos teriam sido feitos antes do in\u00edcio das hostilidades.<\/p>\n\n\n\n<p>No entanto, o rompimento das negocia\u00e7\u00f5es devido aos ataques refor\u00e7a a percep\u00e7\u00e3o de que, por ora, n\u00e3o existe um caminho claro para uma tr\u00e9gua nas rela\u00e7\u00f5es bilaterais. A recusa iraniana em buscar um acordo de paz direto com os Estados Unidos destaca as profundas desconfian\u00e7as entre as duas na\u00e7\u00f5es e sugere que o conflito atual deve continuar, pelo menos no curto prazo.<\/p>\n\n\n\n<h2 class=\"wp-block-heading\">Teer\u00e3 refor\u00e7a discurso de defesa e descarta negocia\u00e7\u00e3o imediata<\/h2>\n\n\n\n<p>O posicionamento do governo do Ir\u00e3 indica que, neste momento, qualquer aproxima\u00e7\u00e3o com os Estados Unidos dependeria de uma mudan\u00e7a significativa no cen\u00e1rio militar e diplom\u00e1tico. A fala do embaixador iraniano sinaliza que o pa\u00eds prioriza sua estrat\u00e9gia de dissuas\u00e3o e n\u00e3o pretende iniciar tratativas sob press\u00e3o ou ap\u00f3s a\u00e7\u00f5es armadas recentes.<\/p>\n\n\n\n<p>Ao endurecer o discurso, Teer\u00e3 tamb\u00e9m envia um recado \u00e0 comunidade internacional de que n\u00e3o aceitar\u00e1 negocia\u00e7\u00f5es consideradas desfavor\u00e1veis. Especialistas avaliam que, enquanto prevalecer a ret\u00f3rica de confronto, as chances de um cessar-fogo formal ou de um acordo de paz permanecem reduzidas, mantendo a instabilidade na regi\u00e3o.<\/p>\n","protected":false},"excerpt":{"rendered":"<p>Em meio \u00e0 escalada de tens\u00e3o no Oriente M\u00e9dio, com ataques militares e retalia\u00e7\u00f5es entre as for\u00e7as do Ir\u00e3 e dos Estados Unidos, a possibilidade de um acordo de paz direto entre os pa\u00edses foi descartada pelas autoridades iranianas. O embaixador do Ir\u00e3 nas Na\u00e7\u00f5es Unidas em Genebra, Ali Bahreini, declarou que Teer\u00e3 n\u00e3o entrou [&hellip;]<\/p>\n","protected":false},"author":4,"featured_media":19990,"comment_status":"open","ping_status":"open","sticky":false,"template":"","format":"standard","meta":{"jnews-multi-image_gallery":[],"jnews_single_post":{"format":"standard"},"jnews_primary_category":[],"jnews_social_meta":[],"jnews_post_split":[],"footnotes":""},"categories":[1],"tags":[],"class_list":["post-19981","post","type-post","status-publish","format-standard","has-post-thumbnail","hentry","category-uncategorized"],"_links":{"self":[{"href":"https:\/\/diariodepernambuco.audiencelabs.com.br\/wp-json\/wp\/v2\/posts\/19981","targetHints":{"allow":["GET"]}}],"collection":[{"href":"https:\/\/diariodepernambuco.audiencelabs.com.br\/wp-json\/wp\/v2\/posts"}],"about":[{"href":"https:\/\/diariodepernambuco.audiencelabs.com.br\/wp-json\/wp\/v2\/types\/post"}],"author":[{"embeddable":true,"href":"https:\/\/diariodepernambuco.audiencelabs.com.br\/wp-json\/wp\/v2\/users\/4"}],"replies":[{"embeddable":true,"href":"https:\/\/diariodepernambuco.audiencelabs.com.br\/wp-json\/wp\/v2\/comments?post=19981"}],"version-history":[{"count":2,"href":"https:\/\/diariodepernambuco.audiencelabs.com.br\/wp-json\/wp\/v2\/posts\/19981\/revisions"}],"predecessor-version":[{"id":19992,"href":"https:\/\/diariodepernambuco.audiencelabs.com.br\/wp-json\/wp\/v2\/posts\/19981\/revisions\/19992"}],"wp:featuredmedia":[{"embeddable":true,"href":"https:\/\/diariodepernambuco.audiencelabs.com.br\/wp-json\/wp\/v2\/media\/19990"}],"wp:attachment":[{"href":"https:\/\/diariodepernambuco.audiencelabs.com.br\/wp-json\/wp\/v2\/media?parent=19981"}],"wp:term":[{"taxonomy":"category","embeddable":true,"href":"https:\/\/diariodepernambuco.audiencelabs.com.br\/wp-json\/wp\/v2\/categories?post=19981"},{"taxonomy":"post_tag","embeddable":true,"href":"https:\/\/diariodepernambuco.audiencelabs.com.br\/wp-json\/wp\/v2\/tags?post=19981"}],"curies":[{"name":"wp","href":"https:\/\/api.w.org\/{rel}","templated":true}]}}