{"id":20045,"date":"2026-03-05T08:30:00","date_gmt":"2026-03-05T11:30:00","guid":{"rendered":"https:\/\/diariodepernambuco.audiencelabs.com.br\/?p=20045"},"modified":"2026-03-05T08:25:14","modified_gmt":"2026-03-05T11:25:14","slug":"nova-lei-aprovada-permite-folga-de-10-15-e-20-dias-consecutivos-sem-descontar-do-salario-apenas-para-homens","status":"publish","type":"post","link":"https:\/\/diariodepernambuco.audiencelabs.com.br\/nova-lei-aprovada-permite-folga-de-10-15-e-20-dias-consecutivos-sem-descontar-do-salario-apenas-para-homens\/","title":{"rendered":"Nova lei aprovada permite folga de 10, 15 e 20 dias consecutivos sem descontar do sal\u00e1rio apenas para homens"},"content":{"rendered":"\n<p>O Senado aprovou um projeto de lei que amplia a licen\u00e7a-paternidade no Brasil e garante aos pais um per\u00edodo maior de afastamento do trabalho ap\u00f3s o nascimento ou ado\u00e7\u00e3o de um filho. A proposta aumenta gradualmente o tempo de licen\u00e7a, que hoje \u00e9 de apenas cinco dias, e permite que os trabalhadores homens se ausentem por at\u00e9 20 dias sem qualquer desconto no sal\u00e1rio.<\/p>\n\n\n\n<p>O texto agora segue para san\u00e7\u00e3o presidencial. Pela nova regra, a amplia\u00e7\u00e3o acontecer\u00e1 de forma progressiva. Nos dois primeiros anos de vig\u00eancia da lei, os pais poder\u00e3o tirar 10 dias consecutivos de licen\u00e7a remunerada. No terceiro ano, o per\u00edodo sobe para 15 dias. J\u00e1 a partir do quarto ano, o afastamento poder\u00e1 chegar a 20 dias.<\/p>\n\n\n\n<p>O projeto tamb\u00e9m prev\u00ea a cria\u00e7\u00e3o do chamado \u201csal\u00e1rio-paternidade\u201d, benef\u00edcio que dever\u00e1 ser pago pela Previd\u00eancia Social durante o per\u00edodo de licen\u00e7a. A ideia \u00e9 reduzir o impacto financeiro para as empresas e assegurar que os trabalhadores continuem recebendo sua remunera\u00e7\u00e3o normalmente enquanto estiverem afastados para cuidar do filho rec\u00e9m-nascido.<\/p>\n\n\n\n<p>Parlamentares defendem que a mudan\u00e7a representa um avan\u00e7o nas pol\u00edticas de apoio \u00e0 fam\u00edlia e na divis\u00e3o de responsabilidades entre pais e m\u00e3es. Al\u00e9m de permitir maior participa\u00e7\u00e3o dos homens nos cuidados iniciais com os filhos, a proposta busca incentivar uma parentalidade mais presente e equilibrada dentro do ambiente familiar.<\/p>\n\n\n\n<h2 class=\"wp-block-heading\">Amplia\u00e7\u00e3o busca incentivar participa\u00e7\u00e3o dos pais<\/h2>\n\n\n\n<p>A proposta que amplia a licen\u00e7a-paternidade foi aprovada pelo Senado Federal e tem como objetivo incentivar uma presen\u00e7a maior dos pais nos primeiros dias de vida dos filhos. Atualmente, a legisla\u00e7\u00e3o brasileira garante apenas cinco dias de afastamento para a maioria dos trabalhadores, per\u00edodo considerado curto por especialistas.<\/p>\n\n\n\n<p>Com a nova regra, os pais ter\u00e3o mais tempo para apoiar as m\u00e3es no per\u00edodo p\u00f3s-parto e participar ativamente da adapta\u00e7\u00e3o da crian\u00e7a nos primeiros dias de vida. A medida tamb\u00e9m busca aproximar o Brasil de modelos adotados em outros pa\u00edses, onde a licen\u00e7a-paternidade mais longa \u00e9 vista como uma forma de promover maior equil\u00edbrio nas responsabilidades familiares.<\/p>\n\n\n\n<p><\/p>\n","protected":false},"excerpt":{"rendered":"<p>O Senado aprovou um projeto de lei que amplia a licen\u00e7a-paternidade no Brasil e garante aos pais um per\u00edodo maior de afastamento do trabalho ap\u00f3s o nascimento ou ado\u00e7\u00e3o de um filho. A proposta aumenta gradualmente o tempo de licen\u00e7a, que hoje \u00e9 de apenas cinco dias, e permite que os trabalhadores homens se ausentem [&hellip;]<\/p>\n","protected":false},"author":4,"featured_media":20047,"comment_status":"open","ping_status":"open","sticky":false,"template":"","format":"standard","meta":{"jnews-multi-image_gallery":[],"jnews_single_post":{"format":"standard"},"jnews_primary_category":[],"jnews_social_meta":[],"jnews_post_split":[],"footnotes":""},"categories":[1],"tags":[],"class_list":["post-20045","post","type-post","status-publish","format-standard","has-post-thumbnail","hentry","category-uncategorized"],"_links":{"self":[{"href":"https:\/\/diariodepernambuco.audiencelabs.com.br\/wp-json\/wp\/v2\/posts\/20045","targetHints":{"allow":["GET"]}}],"collection":[{"href":"https:\/\/diariodepernambuco.audiencelabs.com.br\/wp-json\/wp\/v2\/posts"}],"about":[{"href":"https:\/\/diariodepernambuco.audiencelabs.com.br\/wp-json\/wp\/v2\/types\/post"}],"author":[{"embeddable":true,"href":"https:\/\/diariodepernambuco.audiencelabs.com.br\/wp-json\/wp\/v2\/users\/4"}],"replies":[{"embeddable":true,"href":"https:\/\/diariodepernambuco.audiencelabs.com.br\/wp-json\/wp\/v2\/comments?post=20045"}],"version-history":[{"count":2,"href":"https:\/\/diariodepernambuco.audiencelabs.com.br\/wp-json\/wp\/v2\/posts\/20045\/revisions"}],"predecessor-version":[{"id":20048,"href":"https:\/\/diariodepernambuco.audiencelabs.com.br\/wp-json\/wp\/v2\/posts\/20045\/revisions\/20048"}],"wp:featuredmedia":[{"embeddable":true,"href":"https:\/\/diariodepernambuco.audiencelabs.com.br\/wp-json\/wp\/v2\/media\/20047"}],"wp:attachment":[{"href":"https:\/\/diariodepernambuco.audiencelabs.com.br\/wp-json\/wp\/v2\/media?parent=20045"}],"wp:term":[{"taxonomy":"category","embeddable":true,"href":"https:\/\/diariodepernambuco.audiencelabs.com.br\/wp-json\/wp\/v2\/categories?post=20045"},{"taxonomy":"post_tag","embeddable":true,"href":"https:\/\/diariodepernambuco.audiencelabs.com.br\/wp-json\/wp\/v2\/tags?post=20045"}],"curies":[{"name":"wp","href":"https:\/\/api.w.org\/{rel}","templated":true}]}}