{"id":20049,"date":"2026-03-05T09:30:00","date_gmt":"2026-03-05T12:30:00","guid":{"rendered":"https:\/\/diariodepernambuco.audiencelabs.com.br\/?p=20049"},"modified":"2026-03-05T08:41:24","modified_gmt":"2026-03-05T11:41:24","slug":"confirmado-ira-prepara-chegada-aos-estados-unidos-para-confronto-historico-nesta-competicao","status":"publish","type":"post","link":"https:\/\/diariodepernambuco.audiencelabs.com.br\/confirmado-ira-prepara-chegada-aos-estados-unidos-para-confronto-historico-nesta-competicao\/","title":{"rendered":"Confirmado! Ir\u00e3 prepara chegada aos Estados Unidos para confronto hist\u00f3rico nesta competi\u00e7\u00e3o"},"content":{"rendered":"\n<p>A sele\u00e7\u00e3o do Ir\u00e3 j\u00e1 se prepara para disputar a Copa do Mundo FIFA de 2026, competi\u00e7\u00e3o que ser\u00e1 realizada nos Estados Unidos, Canad\u00e1 e M\u00e9xico. Al\u00e9m da expectativa esportiva, o torneio pode trazer um duelo hist\u00f3rico: um poss\u00edvel confronto entre iranianos e norte-americanos no mata-mata do Mundial, cen\u00e1rio que ganhou destaque por causa do contexto pol\u00edtico entre os dois pa\u00edses.<\/p>\n\n\n\n<p>No sorteio da competi\u00e7\u00e3o, o Ir\u00e3 foi colocado no Grupo G ao lado de B\u00e9lgica, Egito e Nova Zel\u00e2ndia. J\u00e1 os Estados Unidos aparecem no Grupo D, enfrentando Paraguai, Austr\u00e1lia e uma sele\u00e7\u00e3o que vir\u00e1 da repescagem europeia. Dependendo da classifica\u00e7\u00e3o na fase de grupos, o chaveamento prev\u00ea que as duas sele\u00e7\u00f5es possam se cruzar logo na primeira rodada do mata-mata.<\/p>\n\n\n\n<p>O encontro se tornaria ainda mais simb\u00f3lico porque a rela\u00e7\u00e3o entre Ir\u00e3 e Estados Unidos atravessa um momento de forte tens\u00e3o pol\u00edtica e militar. Esta pode ser a primeira Copa do Mundo em que uma sele\u00e7\u00e3o joga em territ\u00f3rio de um pa\u00eds com o qual mant\u00e9m um conflito direto, o que coloca o torneio em um cen\u00e1rio geopol\u00edtico incomum para o futebol internacional.<\/p>\n\n\n\n<p>Mesmo com o clima de tens\u00e3o, a expectativa \u00e9 de que o futebol siga como palco de um confronto hist\u00f3rico dentro das quatro linhas. Caso os resultados da fase de grupos confirmem o cruzamento previsto no chaveamento, o duelo poder\u00e1 acontecer nos Estados Unidos e se tornar um dos jogos mais aguardados de todo o Mundial de 2026.<\/p>\n\n\n\n<h2 class=\"wp-block-heading\">Declara\u00e7\u00e3o de Trump aumenta tens\u00e3o pol\u00edtica em torno do Mundial<\/h2>\n\n\n\n<p>O debate sobre a presen\u00e7a do Ir\u00e3 na Copa do Mundo ganhou ainda mais repercuss\u00e3o ap\u00f3s declara\u00e7\u00f5es do presidente dos Estados Unidos, Donald Trump. Em entrevista ao site Politico, ele afirmou que \u201cn\u00e3o se importa\u201d se a sele\u00e7\u00e3o iraniana participar\u00e1 ou n\u00e3o do torneio, ressaltando que considera o pa\u00eds \u201cmuito enfraquecido\u201d ap\u00f3s os recentes conflitos militares na regi\u00e3o.<\/p>\n\n\n\n<p>A declara\u00e7\u00e3o ocorre em meio \u00e0 escalada de tens\u00f5es entre os dois pa\u00edses e levanta d\u00favidas sobre como a situa\u00e7\u00e3o pol\u00edtica pode impactar o torneio organizado pela FIFA. Apesar das declara\u00e7\u00f5es, a entidade m\u00e1xima do futebol mant\u00e9m a posi\u00e7\u00e3o de que a Copa deve reunir todas as sele\u00e7\u00f5es classificadas, enquanto monitora os desdobramentos do conflito.<\/p>\n\n\n\n<p><\/p>\n","protected":false},"excerpt":{"rendered":"<p>A sele\u00e7\u00e3o do Ir\u00e3 j\u00e1 se prepara para disputar a Copa do Mundo FIFA de 2026, competi\u00e7\u00e3o que ser\u00e1 realizada nos Estados Unidos, Canad\u00e1 e M\u00e9xico. Al\u00e9m da expectativa esportiva, o torneio pode trazer um duelo hist\u00f3rico: um poss\u00edvel confronto entre iranianos e norte-americanos no mata-mata do Mundial, cen\u00e1rio que ganhou destaque por causa do [&hellip;]<\/p>\n","protected":false},"author":4,"featured_media":19964,"comment_status":"open","ping_status":"open","sticky":false,"template":"","format":"standard","meta":{"jnews-multi-image_gallery":[],"jnews_single_post":{"format":"standard"},"jnews_primary_category":[],"jnews_social_meta":[],"jnews_post_split":[],"footnotes":""},"categories":[1],"tags":[],"class_list":["post-20049","post","type-post","status-publish","format-standard","has-post-thumbnail","hentry","category-uncategorized"],"_links":{"self":[{"href":"https:\/\/diariodepernambuco.audiencelabs.com.br\/wp-json\/wp\/v2\/posts\/20049","targetHints":{"allow":["GET"]}}],"collection":[{"href":"https:\/\/diariodepernambuco.audiencelabs.com.br\/wp-json\/wp\/v2\/posts"}],"about":[{"href":"https:\/\/diariodepernambuco.audiencelabs.com.br\/wp-json\/wp\/v2\/types\/post"}],"author":[{"embeddable":true,"href":"https:\/\/diariodepernambuco.audiencelabs.com.br\/wp-json\/wp\/v2\/users\/4"}],"replies":[{"embeddable":true,"href":"https:\/\/diariodepernambuco.audiencelabs.com.br\/wp-json\/wp\/v2\/comments?post=20049"}],"version-history":[{"count":2,"href":"https:\/\/diariodepernambuco.audiencelabs.com.br\/wp-json\/wp\/v2\/posts\/20049\/revisions"}],"predecessor-version":[{"id":20052,"href":"https:\/\/diariodepernambuco.audiencelabs.com.br\/wp-json\/wp\/v2\/posts\/20049\/revisions\/20052"}],"wp:featuredmedia":[{"embeddable":true,"href":"https:\/\/diariodepernambuco.audiencelabs.com.br\/wp-json\/wp\/v2\/media\/19964"}],"wp:attachment":[{"href":"https:\/\/diariodepernambuco.audiencelabs.com.br\/wp-json\/wp\/v2\/media?parent=20049"}],"wp:term":[{"taxonomy":"category","embeddable":true,"href":"https:\/\/diariodepernambuco.audiencelabs.com.br\/wp-json\/wp\/v2\/categories?post=20049"},{"taxonomy":"post_tag","embeddable":true,"href":"https:\/\/diariodepernambuco.audiencelabs.com.br\/wp-json\/wp\/v2\/tags?post=20049"}],"curies":[{"name":"wp","href":"https:\/\/api.w.org\/{rel}","templated":true}]}}