{"id":20099,"date":"2026-03-06T11:03:00","date_gmt":"2026-03-06T14:03:00","guid":{"rendered":"https:\/\/diariodepernambuco.audiencelabs.com.br\/?p=20099"},"modified":"2026-03-05T13:28:18","modified_gmt":"2026-03-05T16:28:18","slug":"maior-predador-aquatico-da-america-do-sul-esta-de-volta-apos-40-anos","status":"publish","type":"post","link":"https:\/\/diariodepernambuco.audiencelabs.com.br\/maior-predador-aquatico-da-america-do-sul-esta-de-volta-apos-40-anos\/","title":{"rendered":"Maior predador aqu\u00e1tico da Am\u00e9rica do Sul est\u00e1 de volta ap\u00f3s 40 anos"},"content":{"rendered":"\n<p>O retorno da ariranha, considerada o maior predador aqu\u00e1tico da Am\u00e9rica do Sul, marcou um momento hist\u00f3rico para a conserva\u00e7\u00e3o ambiental na Argentina. A esp\u00e9cie havia desaparecido do pa\u00eds h\u00e1 mais de quatro d\u00e9cadas e voltou recentemente aos rios e p\u00e2ntanos locais ap\u00f3s um longo trabalho de reintrodu\u00e7\u00e3o conduzido por organiza\u00e7\u00f5es ambientais.<\/p>\n\n\n\n<p>A aus\u00eancia do animal come\u00e7ou ainda na d\u00e9cada de 1980, quando a esp\u00e9cie deixou de ser registrada nos ambientes naturais do pa\u00eds. Segundo pesquisadores, a ariranha chegou a ser considerada extinta na regi\u00e3o desde 1986, consequ\u00eancia de ca\u00e7a, perda de habitat e mudan\u00e7as ambientais ao longo dos anos.<\/p>\n\n\n\n<p>A tentativa de trazer o predador de volta come\u00e7ou apenas d\u00e9cadas depois. Em 2017, a organiza\u00e7\u00e3o Rewilding Argentina iniciou um projeto de reintrodu\u00e7\u00e3o no Parque Nacional Iber\u00e1, localizado na prov\u00edncia de Corrientes. O trabalho envolveu a adapta\u00e7\u00e3o de animais vindos de outros pa\u00edses e centros de conserva\u00e7\u00e3o, al\u00e9m de anos de monitoramento.<\/p>\n\n\n\n<p>Ap\u00f3s anos de prepara\u00e7\u00e3o, uma fam\u00edlia de ariranhas foi finalmente solta na reserva, simbolizando o retorno da esp\u00e9cie ao pa\u00eds depois de mais de 40 anos. Al\u00e9m de restaurar o equil\u00edbrio ecol\u00f3gico dos ambientes aqu\u00e1ticos, o reaparecimento do predador tamb\u00e9m impulsionou o ecoturismo na regi\u00e3o, atraindo visitantes interessados em observar a fauna selvagem.<\/p>\n\n\n\n<h2 class=\"wp-block-heading\">Projeto de reintrodu\u00e7\u00e3o exigiu anos de prepara\u00e7\u00e3o e monitoramento<\/h2>\n\n\n\n<p>O retorno da Ariranha foi resultado de um longo trabalho conduzido pela Rewilding Argentina dentro do Parque Nacional Iber\u00e1. Desde o in\u00edcio do projeto, em 2017, especialistas passaram anos preparando o ambiente, acompanhando os animais e garantindo que as condi\u00e7\u00f5es naturais fossem adequadas para que a esp\u00e9cie voltasse a viver de forma aut\u00f4noma.<\/p>\n\n\n\n<p>A reintrodu\u00e7\u00e3o tamb\u00e9m representa um passo importante para a recupera\u00e7\u00e3o dos ecossistemas aqu\u00e1ticos da regi\u00e3o. Como predador de topo da cadeia alimentar, a ariranha desempenha papel essencial no equil\u00edbrio ambiental, ajudando a controlar popula\u00e7\u00f5es de peixes e outros animais e contribuindo para a biodiversidade local.<\/p>\n\n\n\n<p><\/p>\n","protected":false},"excerpt":{"rendered":"<p>O retorno da ariranha, considerada o maior predador aqu\u00e1tico da Am\u00e9rica do Sul, marcou um momento hist\u00f3rico para a conserva\u00e7\u00e3o ambiental na Argentina. A esp\u00e9cie havia desaparecido do pa\u00eds h\u00e1 mais de quatro d\u00e9cadas e voltou recentemente aos rios e p\u00e2ntanos locais ap\u00f3s um longo trabalho de reintrodu\u00e7\u00e3o conduzido por organiza\u00e7\u00f5es ambientais. A aus\u00eancia do [&hellip;]<\/p>\n","protected":false},"author":4,"featured_media":20101,"comment_status":"open","ping_status":"open","sticky":false,"template":"","format":"standard","meta":{"jnews-multi-image_gallery":[],"jnews_single_post":{"format":"standard"},"jnews_primary_category":[],"jnews_social_meta":[],"jnews_post_split":[],"footnotes":""},"categories":[1],"tags":[],"class_list":["post-20099","post","type-post","status-publish","format-standard","has-post-thumbnail","hentry","category-uncategorized"],"_links":{"self":[{"href":"https:\/\/diariodepernambuco.audiencelabs.com.br\/wp-json\/wp\/v2\/posts\/20099","targetHints":{"allow":["GET"]}}],"collection":[{"href":"https:\/\/diariodepernambuco.audiencelabs.com.br\/wp-json\/wp\/v2\/posts"}],"about":[{"href":"https:\/\/diariodepernambuco.audiencelabs.com.br\/wp-json\/wp\/v2\/types\/post"}],"author":[{"embeddable":true,"href":"https:\/\/diariodepernambuco.audiencelabs.com.br\/wp-json\/wp\/v2\/users\/4"}],"replies":[{"embeddable":true,"href":"https:\/\/diariodepernambuco.audiencelabs.com.br\/wp-json\/wp\/v2\/comments?post=20099"}],"version-history":[{"count":3,"href":"https:\/\/diariodepernambuco.audiencelabs.com.br\/wp-json\/wp\/v2\/posts\/20099\/revisions"}],"predecessor-version":[{"id":20103,"href":"https:\/\/diariodepernambuco.audiencelabs.com.br\/wp-json\/wp\/v2\/posts\/20099\/revisions\/20103"}],"wp:featuredmedia":[{"embeddable":true,"href":"https:\/\/diariodepernambuco.audiencelabs.com.br\/wp-json\/wp\/v2\/media\/20101"}],"wp:attachment":[{"href":"https:\/\/diariodepernambuco.audiencelabs.com.br\/wp-json\/wp\/v2\/media?parent=20099"}],"wp:term":[{"taxonomy":"category","embeddable":true,"href":"https:\/\/diariodepernambuco.audiencelabs.com.br\/wp-json\/wp\/v2\/categories?post=20099"},{"taxonomy":"post_tag","embeddable":true,"href":"https:\/\/diariodepernambuco.audiencelabs.com.br\/wp-json\/wp\/v2\/tags?post=20099"}],"curies":[{"name":"wp","href":"https:\/\/api.w.org\/{rel}","templated":true}]}}