{"id":20195,"date":"2026-03-06T10:30:00","date_gmt":"2026-03-06T13:30:00","guid":{"rendered":"https:\/\/diariodepernambuco.audiencelabs.com.br\/?p=20195"},"modified":"2026-03-06T11:35:30","modified_gmt":"2026-03-06T14:35:30","slug":"bolsa-familia-vai-antecipar-pagamentos-em-marco-e-todos-podem-sacar-no-mesmo-dia","status":"publish","type":"post","link":"https:\/\/diariodepernambuco.audiencelabs.com.br\/bolsa-familia-vai-antecipar-pagamentos-em-marco-e-todos-podem-sacar-no-mesmo-dia\/","title":{"rendered":"Bolsa Fam\u00edlia vai antecipar pagamentos em mar\u00e7o e todos podem sacar no mesmo dia"},"content":{"rendered":"\n<p>O governo federal anunciou a antecipa\u00e7\u00e3o do pagamento do Bolsa Fam\u00edlia para fam\u00edlias afetadas pelas fortes chuvas que atingiram cidades da Zona da Mata de Minas Gerais. As enchentes registradas recentemente causaram diversos transtornos e deixaram muitas fam\u00edlias em situa\u00e7\u00e3o de vulnerabilidade, levando \u00e0 ado\u00e7\u00e3o de medidas emergenciais para garantir assist\u00eancia imediata \u00e0 popula\u00e7\u00e3o.<\/p>\n\n\n\n<p>Diante da situa\u00e7\u00e3o de emerg\u00eancia reconhecida em alguns munic\u00edpios da regi\u00e3o, a decis\u00e3o busca facilitar o acesso \u00e0 renda b\u00e1sica e reduzir os impactos sociais causados pelos temporais. O benef\u00edcio \u00e9 considerado essencial para muitas fam\u00edlias que dependem do programa para cobrir despesas b\u00e1sicas, especialmente em momentos de crise.<\/p>\n\n\n\n<p>Segundo a Caixa Econ\u00f4mica Federal, respons\u00e1vel pelos repasses do programa, os benefici\u00e1rios que vivem nas cidades afetadas poder\u00e3o sacar o dinheiro j\u00e1 no dia 18 de mar\u00e7o de 2026. Nesse caso, o valor ser\u00e1 liberado para todos no mesmo dia, independentemente do d\u00edgito final do NIS, diferente do calend\u00e1rio tradicional.<\/p>\n\n\n\n<p>Normalmente, os pagamentos do programa s\u00e3o realizados de forma escalonada ao longo do m\u00eas, conforme o n\u00famero final do NIS. Por\u00e9m, devido \u00e0 situa\u00e7\u00e3o excepcional causada pelas chuvas, o governo decidiu concentrar o pagamento logo no primeiro dia, permitindo que as fam\u00edlias tenham acesso mais r\u00e1pido ao recurso.<\/p>\n\n\n\n<h2 class=\"wp-block-heading\">Antecipa\u00e7\u00e3o do Bolsa Fam\u00edlia tamb\u00e9m continuar\u00e1 no pr\u00f3ximo m\u00eas<\/h2>\n\n\n\n<p>A medida emergencial n\u00e3o ficar\u00e1 restrita apenas ao m\u00eas de mar\u00e7o. De acordo com informa\u00e7\u00f5es divulgadas pela Ag\u00eancia Brasil, o mesmo modelo de pagamento antecipado ser\u00e1 aplicado tamb\u00e9m no calend\u00e1rio do Bolsa Fam\u00edlia de abril.<\/p>\n\n\n\n<p>Com isso, moradores das cidades afetadas pelas enchentes continuar\u00e3o recebendo o benef\u00edcio no primeiro dia do cronograma mensal. A iniciativa busca garantir maior seguran\u00e7a financeira \u00e0s fam\u00edlias enquanto a regi\u00e3o ainda enfrenta os impactos provocados pelas fortes chuvas.<\/p>\n\n\n\n<p><\/p>\n","protected":false},"excerpt":{"rendered":"<p>O governo federal anunciou a antecipa\u00e7\u00e3o do pagamento do Bolsa Fam\u00edlia para fam\u00edlias afetadas pelas fortes chuvas que atingiram cidades da Zona da Mata de Minas Gerais. As enchentes registradas recentemente causaram diversos transtornos e deixaram muitas fam\u00edlias em situa\u00e7\u00e3o de vulnerabilidade, levando \u00e0 ado\u00e7\u00e3o de medidas emergenciais para garantir assist\u00eancia imediata \u00e0 popula\u00e7\u00e3o. Diante [&hellip;]<\/p>\n","protected":false},"author":4,"featured_media":1672,"comment_status":"open","ping_status":"open","sticky":false,"template":"","format":"standard","meta":{"jnews-multi-image_gallery":[],"jnews_single_post":{"format":"standard"},"jnews_primary_category":[],"jnews_social_meta":[],"jnews_post_split":[],"footnotes":""},"categories":[1],"tags":[],"class_list":["post-20195","post","type-post","status-publish","format-standard","has-post-thumbnail","hentry","category-uncategorized"],"_links":{"self":[{"href":"https:\/\/diariodepernambuco.audiencelabs.com.br\/wp-json\/wp\/v2\/posts\/20195","targetHints":{"allow":["GET"]}}],"collection":[{"href":"https:\/\/diariodepernambuco.audiencelabs.com.br\/wp-json\/wp\/v2\/posts"}],"about":[{"href":"https:\/\/diariodepernambuco.audiencelabs.com.br\/wp-json\/wp\/v2\/types\/post"}],"author":[{"embeddable":true,"href":"https:\/\/diariodepernambuco.audiencelabs.com.br\/wp-json\/wp\/v2\/users\/4"}],"replies":[{"embeddable":true,"href":"https:\/\/diariodepernambuco.audiencelabs.com.br\/wp-json\/wp\/v2\/comments?post=20195"}],"version-history":[{"count":3,"href":"https:\/\/diariodepernambuco.audiencelabs.com.br\/wp-json\/wp\/v2\/posts\/20195\/revisions"}],"predecessor-version":[{"id":20238,"href":"https:\/\/diariodepernambuco.audiencelabs.com.br\/wp-json\/wp\/v2\/posts\/20195\/revisions\/20238"}],"wp:featuredmedia":[{"embeddable":true,"href":"https:\/\/diariodepernambuco.audiencelabs.com.br\/wp-json\/wp\/v2\/media\/1672"}],"wp:attachment":[{"href":"https:\/\/diariodepernambuco.audiencelabs.com.br\/wp-json\/wp\/v2\/media?parent=20195"}],"wp:term":[{"taxonomy":"category","embeddable":true,"href":"https:\/\/diariodepernambuco.audiencelabs.com.br\/wp-json\/wp\/v2\/categories?post=20195"},{"taxonomy":"post_tag","embeddable":true,"href":"https:\/\/diariodepernambuco.audiencelabs.com.br\/wp-json\/wp\/v2\/tags?post=20195"}],"curies":[{"name":"wp","href":"https:\/\/api.w.org\/{rel}","templated":true}]}}