{"id":20224,"date":"2026-03-09T10:00:00","date_gmt":"2026-03-09T13:00:00","guid":{"rendered":"https:\/\/diariodepernambuco.audiencelabs.com.br\/?p=20224"},"modified":"2026-03-06T09:46:40","modified_gmt":"2026-03-06T12:46:40","slug":"antigo-asilo-teve-que-fechar-as-portas-por-tempo-indeterminado-apos-irregularidades","status":"publish","type":"post","link":"https:\/\/diariodepernambuco.audiencelabs.com.br\/antigo-asilo-teve-que-fechar-as-portas-por-tempo-indeterminado-apos-irregularidades\/","title":{"rendered":"Antigo asilo teve que fechar as portas por tempo indeterminado ap\u00f3s irregularidades"},"content":{"rendered":"\n<p>Um asilo foi interditado na tarde da \u00faltima ter\u00e7a-feira (3) na cidade de Canoas ap\u00f3s uma fiscaliza\u00e7\u00e3o apontar diversas irregularidades no funcionamento do local. A opera\u00e7\u00e3o foi realizada de forma conjunta pela Secretaria Municipal de Sa\u00fade, Secretaria Municipal de Assist\u00eancia Social e pelo Conselho Municipal dos Direitos da Pessoa Idosa.<\/p>\n\n\n\n<p>Durante a vistoria, foi constatado que a institui\u00e7\u00e3o funcionava sem licen\u00e7a e sem alvar\u00e1 sanit\u00e1rio. O espa\u00e7o abrigava cerca de oito idosos no momento da fiscaliza\u00e7\u00e3o, o que levou as autoridades a tomar uma medida imediata para evitar riscos \u00e0 sa\u00fade e \u00e0 seguran\u00e7a dos moradores.<\/p>\n\n\n\n<p>Segundo a diretora da Vigil\u00e2ncia em Sa\u00fade, Iara Fontana, a equipe encontrou problemas estruturais e sanit\u00e1rios no local. Entre as irregularidades estavam uma cozinha considerada inadequada, falta de acessibilidade para os residentes e a presen\u00e7a de animais soltos pelo p\u00e1tio, fatores que contribu\u00edram para a decis\u00e3o de interditar o estabelecimento at\u00e9 que todas as exig\u00eancias sejam cumpridas.<\/p>\n\n\n\n<p>Ap\u00f3s a interdi\u00e7\u00e3o, a Secretaria Municipal de Assist\u00eancia Social iniciou o acompanhamento dos idosos que viviam no local. Segundo a assessora Patr\u00edcia Lisboa, as fam\u00edlias ser\u00e3o contatadas para definir os pr\u00f3ximos passos. Nos casos sem respons\u00e1veis, os moradores ser\u00e3o encaminhados para institui\u00e7\u00f5es regularizadas.<\/p>\n\n\n\n<h2 class=\"wp-block-heading\">Fiscaliza\u00e7\u00e3o busca garantir seguran\u00e7a e condi\u00e7\u00f5es adequadas<\/h2>\n\n\n\n<p>A fiscaliza\u00e7\u00e3o teve como principal objetivo garantir a seguran\u00e7a e o bem-estar dos idosos que estavam no local. Situa\u00e7\u00f5es envolvendo institui\u00e7\u00f5es que acolhem pessoas da terceira idade exigem aten\u00e7\u00e3o rigorosa das autoridades, especialmente quando h\u00e1 ind\u00edcios de funcionamento irregular ou condi\u00e7\u00f5es inadequadas.<\/p>\n\n\n\n<p>Al\u00e9m da interdi\u00e7\u00e3o, os \u00f3rg\u00e3os municipais refor\u00e7aram que o respons\u00e1vel pelo espa\u00e7o dever\u00e1 realizar as adequa\u00e7\u00f5es necess\u00e1rias para que o local possa voltar a funcionar no futuro. Para isso, ser\u00e1 preciso cumprir todas as exig\u00eancias legais, incluindo licenciamento, alvar\u00e1 sanit\u00e1rio e melhorias estruturais.<\/p>\n\n\n\n<p><\/p>\n","protected":false},"excerpt":{"rendered":"<p>Um asilo foi interditado na tarde da \u00faltima ter\u00e7a-feira (3) na cidade de Canoas ap\u00f3s uma fiscaliza\u00e7\u00e3o apontar diversas irregularidades no funcionamento do local. A opera\u00e7\u00e3o foi realizada de forma conjunta pela Secretaria Municipal de Sa\u00fade, Secretaria Municipal de Assist\u00eancia Social e pelo Conselho Municipal dos Direitos da Pessoa Idosa. Durante a vistoria, foi constatado [&hellip;]<\/p>\n","protected":false},"author":4,"featured_media":20226,"comment_status":"open","ping_status":"open","sticky":false,"template":"","format":"standard","meta":{"jnews-multi-image_gallery":[],"jnews_single_post":{"format":"standard"},"jnews_primary_category":[],"jnews_social_meta":[],"jnews_post_split":[],"footnotes":""},"categories":[1],"tags":[],"class_list":["post-20224","post","type-post","status-publish","format-standard","has-post-thumbnail","hentry","category-uncategorized"],"_links":{"self":[{"href":"https:\/\/diariodepernambuco.audiencelabs.com.br\/wp-json\/wp\/v2\/posts\/20224","targetHints":{"allow":["GET"]}}],"collection":[{"href":"https:\/\/diariodepernambuco.audiencelabs.com.br\/wp-json\/wp\/v2\/posts"}],"about":[{"href":"https:\/\/diariodepernambuco.audiencelabs.com.br\/wp-json\/wp\/v2\/types\/post"}],"author":[{"embeddable":true,"href":"https:\/\/diariodepernambuco.audiencelabs.com.br\/wp-json\/wp\/v2\/users\/4"}],"replies":[{"embeddable":true,"href":"https:\/\/diariodepernambuco.audiencelabs.com.br\/wp-json\/wp\/v2\/comments?post=20224"}],"version-history":[{"count":2,"href":"https:\/\/diariodepernambuco.audiencelabs.com.br\/wp-json\/wp\/v2\/posts\/20224\/revisions"}],"predecessor-version":[{"id":20227,"href":"https:\/\/diariodepernambuco.audiencelabs.com.br\/wp-json\/wp\/v2\/posts\/20224\/revisions\/20227"}],"wp:featuredmedia":[{"embeddable":true,"href":"https:\/\/diariodepernambuco.audiencelabs.com.br\/wp-json\/wp\/v2\/media\/20226"}],"wp:attachment":[{"href":"https:\/\/diariodepernambuco.audiencelabs.com.br\/wp-json\/wp\/v2\/media?parent=20224"}],"wp:term":[{"taxonomy":"category","embeddable":true,"href":"https:\/\/diariodepernambuco.audiencelabs.com.br\/wp-json\/wp\/v2\/categories?post=20224"},{"taxonomy":"post_tag","embeddable":true,"href":"https:\/\/diariodepernambuco.audiencelabs.com.br\/wp-json\/wp\/v2\/tags?post=20224"}],"curies":[{"name":"wp","href":"https:\/\/api.w.org\/{rel}","templated":true}]}}