{"id":20257,"date":"2026-03-09T05:34:00","date_gmt":"2026-03-09T08:34:00","guid":{"rendered":"https:\/\/diariodepernambuco.audiencelabs.com.br\/?p=20257"},"modified":"2026-03-06T13:58:58","modified_gmt":"2026-03-06T16:58:58","slug":"se-voce-nao-pagar-o-ipva-seu-nome-fica-sujo","status":"publish","type":"post","link":"https:\/\/diariodepernambuco.audiencelabs.com.br\/se-voce-nao-pagar-o-ipva-seu-nome-fica-sujo\/","title":{"rendered":"Se voc\u00ea n\u00e3o pagar o IPVA, seu nome fica sujo?"},"content":{"rendered":"\n<p>Muitos motoristas acreditam que atrasar o pagamento do IPVA \u00e9 s\u00f3 um pequeno atraso financeiro. A verdade \u00e9 que esse descuido pode gerar consequ\u00eancias que v\u00e3o muito al\u00e9m de multas: d\u00edvidas com o governo, restri\u00e7\u00f5es ao uso do ve\u00edculo e impacto no seu cr\u00e9dito pessoal.<\/p>\n\n\n\n<h2 class=\"wp-block-heading\">Consequ\u00eancias imediatas do atraso<\/h2>\n\n\n\n<p>No primeiro dia de inadimpl\u00eancia, o imposto j\u00e1 come\u00e7a a sofrer acr\u00e9scimos. Multas di\u00e1rias, juros e corre\u00e7\u00f5es monet\u00e1rias s\u00e3o aplicados, e em estados como S\u00e3o Paulo, o total acumulado pode alcan\u00e7ar at\u00e9 20% do valor original. O pequeno atraso, portanto, rapidamente se transforma em uma d\u00edvida maior.<\/p>\n\n\n\n<p>Se a situa\u00e7\u00e3o n\u00e3o for resolvida, o estado pode inscrever o d\u00e9bito na d\u00edvida ativa. Esse registro oficial aumenta o valor devido e permite que o governo tome medidas legais, incluindo protesto em cart\u00f3rio e processos judiciais. Nesses casos, bens do devedor, inclusive o pr\u00f3prio carro, podem ser penhorados para quitar a d\u00edvida.<\/p>\n\n\n\n<p>Al\u00e9m disso, o nome do contribuinte pode ser inclu\u00eddo em cadastros de inadimplentes, como Cadin, Serasa e SPC. Essa negativa\u00e7\u00e3o torna mais dif\u00edcil conseguir cr\u00e9dito, realizar parcelamentos, fechar contratos de aluguel e at\u00e9 mesmo buscar oportunidades de emprego, j\u00e1 que empresas podem consultar essas informa\u00e7\u00f5es antes da contrata\u00e7\u00e3o.<\/p>\n\n\n\n<p>O impacto n\u00e3o para por a\u00ed: o ve\u00edculo fica impossibilitado de obter licenciamento enquanto o IPVA n\u00e3o estiver quitado. Dirigir sem licenciamento \u00e9 considerado infra\u00e7\u00e3o grav\u00edssima, com multa, pontos na carteira e risco de apreens\u00e3o do autom\u00f3vel.<\/p>\n\n\n\n<h2 class=\"wp-block-heading\">Como regularizar e reduzir o impacto<\/h2>\n\n\n\n<p>Para regularizar a situa\u00e7\u00e3o, alguns estados oferecem a oportunidade de quitar a d\u00edvida de forma mais econ\u00f4mica e voltar a circular sem problemas legais. Em S\u00e3o Paulo, o \u201cAcordo Paulista\u201d permite reduzir at\u00e9 75% de juros e multas e parcelar o valor em at\u00e9 120 vezes. No Paran\u00e1, pagar \u00e0 vista pode resultar em redu\u00e7\u00e3o de at\u00e9 95% da multa.<\/p>\n\n\n\n<p>Em resumo, deixar o IPVA atrasar n\u00e3o \u00e9 apenas uma quest\u00e3o de nome negativo: envolve finan\u00e7as e a liberdade de usar seu pr\u00f3prio ve\u00edculo. Resolver a pend\u00eancia rapidamente \u00e9 a melhor maneira de evitar complica\u00e7\u00f5es maiores.<\/p>\n","protected":false},"excerpt":{"rendered":"<p>Muitos motoristas acreditam que atrasar o pagamento do IPVA \u00e9 s\u00f3 um pequeno atraso financeiro. A verdade \u00e9 que esse descuido pode gerar consequ\u00eancias que v\u00e3o muito al\u00e9m de multas: d\u00edvidas com o governo, restri\u00e7\u00f5es ao uso do ve\u00edculo e impacto no seu cr\u00e9dito pessoal. Consequ\u00eancias imediatas do atraso No primeiro dia de inadimpl\u00eancia, o [&hellip;]<\/p>\n","protected":false},"author":17,"featured_media":19217,"comment_status":"open","ping_status":"open","sticky":false,"template":"","format":"standard","meta":{"jnews-multi-image_gallery":[],"jnews_single_post":{"format":"standard"},"jnews_primary_category":[],"jnews_social_meta":[],"jnews_post_split":[],"footnotes":""},"categories":[1],"tags":[],"class_list":["post-20257","post","type-post","status-publish","format-standard","has-post-thumbnail","hentry","category-uncategorized"],"_links":{"self":[{"href":"https:\/\/diariodepernambuco.audiencelabs.com.br\/wp-json\/wp\/v2\/posts\/20257","targetHints":{"allow":["GET"]}}],"collection":[{"href":"https:\/\/diariodepernambuco.audiencelabs.com.br\/wp-json\/wp\/v2\/posts"}],"about":[{"href":"https:\/\/diariodepernambuco.audiencelabs.com.br\/wp-json\/wp\/v2\/types\/post"}],"author":[{"embeddable":true,"href":"https:\/\/diariodepernambuco.audiencelabs.com.br\/wp-json\/wp\/v2\/users\/17"}],"replies":[{"embeddable":true,"href":"https:\/\/diariodepernambuco.audiencelabs.com.br\/wp-json\/wp\/v2\/comments?post=20257"}],"version-history":[{"count":1,"href":"https:\/\/diariodepernambuco.audiencelabs.com.br\/wp-json\/wp\/v2\/posts\/20257\/revisions"}],"predecessor-version":[{"id":20265,"href":"https:\/\/diariodepernambuco.audiencelabs.com.br\/wp-json\/wp\/v2\/posts\/20257\/revisions\/20265"}],"wp:featuredmedia":[{"embeddable":true,"href":"https:\/\/diariodepernambuco.audiencelabs.com.br\/wp-json\/wp\/v2\/media\/19217"}],"wp:attachment":[{"href":"https:\/\/diariodepernambuco.audiencelabs.com.br\/wp-json\/wp\/v2\/media?parent=20257"}],"wp:term":[{"taxonomy":"category","embeddable":true,"href":"https:\/\/diariodepernambuco.audiencelabs.com.br\/wp-json\/wp\/v2\/categories?post=20257"},{"taxonomy":"post_tag","embeddable":true,"href":"https:\/\/diariodepernambuco.audiencelabs.com.br\/wp-json\/wp\/v2\/tags?post=20257"}],"curies":[{"name":"wp","href":"https:\/\/api.w.org\/{rel}","templated":true}]}}