{"id":20293,"date":"2026-03-09T12:00:00","date_gmt":"2026-03-09T15:00:00","guid":{"rendered":"https:\/\/diariodepernambuco.audiencelabs.com.br\/?p=20293"},"modified":"2026-03-06T16:46:33","modified_gmt":"2026-03-06T19:46:33","slug":"caminhoneiro-foi-flagrado-fazendo-manobra-de-alto-risco-na-estrada","status":"publish","type":"post","link":"https:\/\/diariodepernambuco.audiencelabs.com.br\/caminhoneiro-foi-flagrado-fazendo-manobra-de-alto-risco-na-estrada\/","title":{"rendered":"Caminhoneiro foi flagrado fazendo manobra de alto risco na estrada"},"content":{"rendered":"\n<p>Um caminhoneiro foi flagrado realizando ultrapassagens perigosas e manobras de alto risco na BR-251, no trecho que passa pelo munic\u00edpio de Francisco S\u00e1. O caso ocorreu na \u00faltima quinta-feira (5) e foi registrado por uma equipe da Pol\u00edcia Rodovi\u00e1ria Federal durante patrulhamento na rodovia.<\/p>\n\n\n\n<p>De acordo com a PRF, os agentes perceberam que o condutor realizava ultrapassagens em locais proibidos e em condi\u00e7\u00f5es inadequadas de seguran\u00e7a. Segundo a corpora\u00e7\u00e3o, a atitude colocava em risco n\u00e3o apenas o motorista do caminh\u00e3o, mas tamb\u00e9m os demais usu\u00e1rios da estrada.<\/p>\n\n\n\n<p>Durante a abordagem, os policiais tamb\u00e9m constataram que o motorista, de 44 anos, dirigia sem cumprir o per\u00edodo obrigat\u00f3rio de descanso exigido para condutores profissionais. Diante das irregularidades, foram lavrados autos de infra\u00e7\u00e3o contra o condutor.<\/p>\n\n\n\n<p>As ultrapassagens perigosas s\u00e3o classificadas como infra\u00e7\u00f5es grav\u00edssimas e podem resultar em multa elevada, al\u00e9m de outras penalidades que afetam a habilita\u00e7\u00e3o. O ve\u00edculo foi retido at\u00e9 que o motorista cumpra o tempo de descanso obrigat\u00f3rio em local adequado.<\/p>\n\n\n\n<h2 class=\"wp-block-heading\">Fiscaliza\u00e7\u00e3o busca evitar acidentes nas rodovias<\/h2>\n\n\n\n<p>A Pol\u00edcia Rodovi\u00e1ria Federal refor\u00e7ou que a\u00e7\u00f5es de fiscaliza\u00e7\u00e3o s\u00e3o realizadas de forma constante nas rodovias federais para coibir comportamentos imprudentes no tr\u00e2nsito. O objetivo \u00e9 reduzir o risco de acidentes e garantir mais seguran\u00e7a para motoristas e passageiros.<\/p>\n\n\n\n<p>Segundo a corpora\u00e7\u00e3o, ultrapassagens em locais proibidos est\u00e3o entre as principais causas de acidentes graves nas estradas. Por isso, a orienta\u00e7\u00e3o \u00e9 que os condutores respeitem as regras de tr\u00e2nsito e dirijam com aten\u00e7\u00e3o redobrada, especialmente em rodovias de pista simples.<\/p>\n\n\n\n<p><\/p>\n","protected":false},"excerpt":{"rendered":"<p>Um caminhoneiro foi flagrado realizando ultrapassagens perigosas e manobras de alto risco na BR-251, no trecho que passa pelo munic\u00edpio de Francisco S\u00e1. O caso ocorreu na \u00faltima quinta-feira (5) e foi registrado por uma equipe da Pol\u00edcia Rodovi\u00e1ria Federal durante patrulhamento na rodovia. De acordo com a PRF, os agentes perceberam que o condutor [&hellip;]<\/p>\n","protected":false},"author":4,"featured_media":20295,"comment_status":"open","ping_status":"open","sticky":false,"template":"","format":"standard","meta":{"jnews-multi-image_gallery":[],"jnews_single_post":[],"jnews_primary_category":[],"jnews_social_meta":[],"jnews_post_split":[],"footnotes":""},"categories":[1],"tags":[],"class_list":["post-20293","post","type-post","status-publish","format-standard","has-post-thumbnail","hentry","category-uncategorized"],"_links":{"self":[{"href":"https:\/\/diariodepernambuco.audiencelabs.com.br\/wp-json\/wp\/v2\/posts\/20293","targetHints":{"allow":["GET"]}}],"collection":[{"href":"https:\/\/diariodepernambuco.audiencelabs.com.br\/wp-json\/wp\/v2\/posts"}],"about":[{"href":"https:\/\/diariodepernambuco.audiencelabs.com.br\/wp-json\/wp\/v2\/types\/post"}],"author":[{"embeddable":true,"href":"https:\/\/diariodepernambuco.audiencelabs.com.br\/wp-json\/wp\/v2\/users\/4"}],"replies":[{"embeddable":true,"href":"https:\/\/diariodepernambuco.audiencelabs.com.br\/wp-json\/wp\/v2\/comments?post=20293"}],"version-history":[{"count":2,"href":"https:\/\/diariodepernambuco.audiencelabs.com.br\/wp-json\/wp\/v2\/posts\/20293\/revisions"}],"predecessor-version":[{"id":20296,"href":"https:\/\/diariodepernambuco.audiencelabs.com.br\/wp-json\/wp\/v2\/posts\/20293\/revisions\/20296"}],"wp:featuredmedia":[{"embeddable":true,"href":"https:\/\/diariodepernambuco.audiencelabs.com.br\/wp-json\/wp\/v2\/media\/20295"}],"wp:attachment":[{"href":"https:\/\/diariodepernambuco.audiencelabs.com.br\/wp-json\/wp\/v2\/media?parent=20293"}],"wp:term":[{"taxonomy":"category","embeddable":true,"href":"https:\/\/diariodepernambuco.audiencelabs.com.br\/wp-json\/wp\/v2\/categories?post=20293"},{"taxonomy":"post_tag","embeddable":true,"href":"https:\/\/diariodepernambuco.audiencelabs.com.br\/wp-json\/wp\/v2\/tags?post=20293"}],"curies":[{"name":"wp","href":"https:\/\/api.w.org\/{rel}","templated":true}]}}