{"id":20351,"date":"2026-03-09T09:23:06","date_gmt":"2026-03-09T12:23:06","guid":{"rendered":"https:\/\/diariodepernambuco.audiencelabs.com.br\/?p=20351"},"modified":"2026-03-09T09:23:08","modified_gmt":"2026-03-09T12:23:08","slug":"cientistas-mandam-o-mundo-se-preparar-para-escuridao-no-ceu-por-quase-10-minutos-em-agosto","status":"publish","type":"post","link":"https:\/\/diariodepernambuco.audiencelabs.com.br\/cientistas-mandam-o-mundo-se-preparar-para-escuridao-no-ceu-por-quase-10-minutos-em-agosto\/","title":{"rendered":"Cientistas mandam o mundo se preparar para escurid\u00e3o no c\u00e9u por quase 10 minutos em agosto"},"content":{"rendered":"\n<p>Astr\u00f4nomos j\u00e1 apontam o eclipse solar total de <strong>2 de agosto de 2027<\/strong> como um dos fen\u00f4menos mais impressionantes do s\u00e9culo. Em determinadas regi\u00f5es do planeta, a Lua poder\u00e1 encobrir completamente o Sol por at\u00e9 <strong>6 minutos e 22 segundos<\/strong>, criando um per\u00edodo incomum de escurid\u00e3o durante o dia.<\/p>\n\n\n\n<p>De acordo com informa\u00e7\u00f5es divulgadas pelo Space.com, a longa dura\u00e7\u00e3o da fase de totalidade est\u00e1 ligada \u00e0 posi\u00e7\u00e3o da Lua em sua \u00f3rbita. No momento do eclipse, o sat\u00e9lite natural estar\u00e1 pr\u00f3ximo do <em>perigeu<\/em>, ponto em que se encontra mais perto da Terra. Nessa configura\u00e7\u00e3o, a sombra projetada sobre o planeta tende a ser maior e pode permanecer mais tempo sobre determinadas \u00e1reas.<\/p>\n\n\n\n<h2 class=\"wp-block-heading\">Regi\u00f5es que poder\u00e3o observar o fen\u00f4meno<\/h2>\n\n\n\n<p>O eclipse poder\u00e1 ser visto parcialmente em diversas \u00e1reas da Europa, da \u00c1frica e da \u00c1sia. J\u00e1 o espet\u00e1culo completo ocorrer\u00e1 dentro de uma faixa relativamente estreita do planeta.<\/p>\n\n\n\n<p>Essa chamada faixa de totalidade, com cerca de 258 quil\u00f4metros de largura, atravessar\u00e1 dez pa\u00edses ao longo de seu percurso: Espanha, Marrocos, Arg\u00e9lia, Tun\u00edsia, L\u00edbia, Egito, Sud\u00e3o, Ar\u00e1bia Saudita, I\u00eamen e Som\u00e1lia.<\/p>\n\n\n\n<h2 class=\"wp-block-heading\">Evento raro neste s\u00e9culo<\/h2>\n\n\n\n<p>Segundo especialistas, o eclipse de 2027 integra o ciclo <em>Saros 136<\/em>, uma sequ\u00eancia de fen\u00f4menos conhecida por produzir eclipses de longa dura\u00e7\u00e3o. Um evento ainda mais prolongado em terra firme s\u00f3 deve ocorrer novamente no <strong>ano de 2114<\/strong>.<\/p>\n\n\n\n<p>Al\u00e9m de despertar o interesse de f\u00e3s de astronomia, eclipses totais tamb\u00e9m s\u00e3o oportunidades importantes para pesquisadores. Durante alguns minutos, cientistas conseguem analisar detalhes da coroa solar, que normalmente fica invis\u00edvel devido ao brilho intenso da estrela.<\/p>\n","protected":false},"excerpt":{"rendered":"<p>Astr\u00f4nomos j\u00e1 apontam o eclipse solar total de 2 de agosto de 2027 como um dos fen\u00f4menos mais impressionantes do s\u00e9culo. Em determinadas regi\u00f5es do planeta, a Lua poder\u00e1 encobrir completamente o Sol por at\u00e9 6 minutos e 22 segundos, criando um per\u00edodo incomum de escurid\u00e3o durante o dia. De acordo com informa\u00e7\u00f5es divulgadas pelo [&hellip;]<\/p>\n","protected":false},"author":17,"featured_media":20360,"comment_status":"open","ping_status":"open","sticky":false,"template":"","format":"standard","meta":{"jnews-multi-image_gallery":[],"jnews_single_post":{"format":"standard"},"jnews_primary_category":[],"jnews_social_meta":[],"jnews_post_split":[],"footnotes":""},"categories":[1],"tags":[],"class_list":["post-20351","post","type-post","status-publish","format-standard","has-post-thumbnail","hentry","category-uncategorized"],"_links":{"self":[{"href":"https:\/\/diariodepernambuco.audiencelabs.com.br\/wp-json\/wp\/v2\/posts\/20351","targetHints":{"allow":["GET"]}}],"collection":[{"href":"https:\/\/diariodepernambuco.audiencelabs.com.br\/wp-json\/wp\/v2\/posts"}],"about":[{"href":"https:\/\/diariodepernambuco.audiencelabs.com.br\/wp-json\/wp\/v2\/types\/post"}],"author":[{"embeddable":true,"href":"https:\/\/diariodepernambuco.audiencelabs.com.br\/wp-json\/wp\/v2\/users\/17"}],"replies":[{"embeddable":true,"href":"https:\/\/diariodepernambuco.audiencelabs.com.br\/wp-json\/wp\/v2\/comments?post=20351"}],"version-history":[{"count":1,"href":"https:\/\/diariodepernambuco.audiencelabs.com.br\/wp-json\/wp\/v2\/posts\/20351\/revisions"}],"predecessor-version":[{"id":20361,"href":"https:\/\/diariodepernambuco.audiencelabs.com.br\/wp-json\/wp\/v2\/posts\/20351\/revisions\/20361"}],"wp:featuredmedia":[{"embeddable":true,"href":"https:\/\/diariodepernambuco.audiencelabs.com.br\/wp-json\/wp\/v2\/media\/20360"}],"wp:attachment":[{"href":"https:\/\/diariodepernambuco.audiencelabs.com.br\/wp-json\/wp\/v2\/media?parent=20351"}],"wp:term":[{"taxonomy":"category","embeddable":true,"href":"https:\/\/diariodepernambuco.audiencelabs.com.br\/wp-json\/wp\/v2\/categories?post=20351"},{"taxonomy":"post_tag","embeddable":true,"href":"https:\/\/diariodepernambuco.audiencelabs.com.br\/wp-json\/wp\/v2\/tags?post=20351"}],"curies":[{"name":"wp","href":"https:\/\/api.w.org\/{rel}","templated":true}]}}