{"id":20356,"date":"2026-03-09T10:30:00","date_gmt":"2026-03-09T13:30:00","guid":{"rendered":"https:\/\/diariodepernambuco.audiencelabs.com.br\/?p=20356"},"modified":"2026-03-09T09:21:51","modified_gmt":"2026-03-09T12:21:51","slug":"titulo-do-cruzeiro-vai-ser-anulado-apos-pancadaria-contra-o-atletico-mg","status":"publish","type":"post","link":"https:\/\/diariodepernambuco.audiencelabs.com.br\/titulo-do-cruzeiro-vai-ser-anulado-apos-pancadaria-contra-o-atletico-mg\/","title":{"rendered":"T\u00edtulo do Cruzeiro vai ser anulado ap\u00f3s pancadaria contra o Atl\u00e9tico-MG?"},"content":{"rendered":"\n<p>A resposta \u00e9 n\u00e3o. Apesar da grave confus\u00e3o registrada na final, o t\u00edtulo do Cruzeiro no Campeonato Mineiro de 2026 n\u00e3o ser\u00e1 anulado. Mesmo com as cenas lament\u00e1veis de viol\u00eancia entre jogadores e membros das comiss\u00f5es t\u00e9cnicas, o resultado da partida continua v\u00e1lido. O clube celeste venceu o Atl\u00e9tico Mineiro por 1 a 0 e garantiu a ta\u00e7a estadual, ainda que o epis\u00f3dio tenha manchado a decis\u00e3o.<\/p>\n\n\n\n<p>A final disputada no Mineir\u00e3o terminou em clima de caos. Depois de um jogo intenso, que teve gol de Kaio Jorge no segundo tempo, uma briga generalizada tomou conta do gramado nos minutos finais. Jogadores titulares, reservas e integrantes das comiss\u00f5es t\u00e9cnicas trocaram empurr\u00f5es, socos e chutes, transformando a decis\u00e3o em uma verdadeira batalha campal diante de milhares de torcedores.<\/p>\n\n\n\n<p>A confus\u00e3o come\u00e7ou ap\u00f3s um lance envolvendo o goleiro Everson e o atacante Christian. O choque entre os dois provocou revolta dos atletas em campo e rapidamente gerou uma rea\u00e7\u00e3o em cadeia, com atletas dos dois lados entrando na discuss\u00e3o. O tumulto cresceu rapidamente e se espalhou pelo gramado, exigindo a interven\u00e7\u00e3o de seguran\u00e7as e policiais para controlar a situa\u00e7\u00e3o.<\/p>\n\n\n\n<p>Depois da partida, a s\u00famula da arbitragem confirmou nada menos que 23 expuls\u00f5es, um n\u00famero recorde para o futebol brasileiro. Os cart\u00f5es vermelhos foram aplicados posteriormente pelo \u00e1rbitro, atingindo jogadores das duas equipes por participa\u00e7\u00e3o na briga e agress\u00f5es durante o tumulto.<\/p>\n\n\n\n<p>Mesmo com a repercuss\u00e3o negativa no Brasil e no exterior, as puni\u00e7\u00f5es devem se limitar a suspens\u00f5es e poss\u00edveis san\u00e7\u00f5es disciplinares aos envolvidos. O resultado da final, no entanto, permanece oficial. Assim, apesar da mancha deixada pela viol\u00eancia, o Cruzeiro segue reconhecido como campe\u00e3o mineiro de 2026.<\/p>\n\n\n\n<h2 class=\"wp-block-heading\">Os clubes campe\u00f5es do Campeonato Mineiro<\/h2>\n\n\n\n<ul class=\"wp-block-list\">\n<li>50 t\u00edtulos: Atl\u00e9tico Mineiro (\u00faltimo em 2025);<\/li>\n\n\n\n<li>39 t\u00edtulos: Cruzeiro (\u00faltimo em 2026);<\/li>\n\n\n\n<li>16 t\u00edtulos: Am\u00e9rica Mineiro (\u00faltimo em 2016);<\/li>\n\n\n\n<li>5 t\u00edtulos: Villa Nova (\u00faltimo em 1951);<\/li>\n\n\n\n<li>2 t\u00edtulos: Sider\u00fargica (\u00faltimo em 1964);<\/li>\n\n\n\n<li>1 t\u00edtulo: Ipatinga (2005);<\/li>\n\n\n\n<li>1 t\u00edtulo: Caldense (2002).<\/li>\n<\/ul>\n","protected":false},"excerpt":{"rendered":"<p>A resposta \u00e9 n\u00e3o. Apesar da grave confus\u00e3o registrada na final, o t\u00edtulo do Cruzeiro no Campeonato Mineiro de 2026 n\u00e3o ser\u00e1 anulado. Mesmo com as cenas lament\u00e1veis de viol\u00eancia entre jogadores e membros das comiss\u00f5es t\u00e9cnicas, o resultado da partida continua v\u00e1lido. O clube celeste venceu o Atl\u00e9tico Mineiro por 1 a 0 e [&hellip;]<\/p>\n","protected":false},"author":4,"featured_media":20359,"comment_status":"open","ping_status":"open","sticky":false,"template":"","format":"standard","meta":{"jnews-multi-image_gallery":[],"jnews_single_post":{"format":"standard"},"jnews_primary_category":[],"jnews_social_meta":[],"jnews_post_split":[],"footnotes":""},"categories":[1],"tags":[],"class_list":["post-20356","post","type-post","status-publish","format-standard","has-post-thumbnail","hentry","category-uncategorized"],"_links":{"self":[{"href":"https:\/\/diariodepernambuco.audiencelabs.com.br\/wp-json\/wp\/v2\/posts\/20356","targetHints":{"allow":["GET"]}}],"collection":[{"href":"https:\/\/diariodepernambuco.audiencelabs.com.br\/wp-json\/wp\/v2\/posts"}],"about":[{"href":"https:\/\/diariodepernambuco.audiencelabs.com.br\/wp-json\/wp\/v2\/types\/post"}],"author":[{"embeddable":true,"href":"https:\/\/diariodepernambuco.audiencelabs.com.br\/wp-json\/wp\/v2\/users\/4"}],"replies":[{"embeddable":true,"href":"https:\/\/diariodepernambuco.audiencelabs.com.br\/wp-json\/wp\/v2\/comments?post=20356"}],"version-history":[{"count":1,"href":"https:\/\/diariodepernambuco.audiencelabs.com.br\/wp-json\/wp\/v2\/posts\/20356\/revisions"}],"predecessor-version":[{"id":20357,"href":"https:\/\/diariodepernambuco.audiencelabs.com.br\/wp-json\/wp\/v2\/posts\/20356\/revisions\/20357"}],"wp:featuredmedia":[{"embeddable":true,"href":"https:\/\/diariodepernambuco.audiencelabs.com.br\/wp-json\/wp\/v2\/media\/20359"}],"wp:attachment":[{"href":"https:\/\/diariodepernambuco.audiencelabs.com.br\/wp-json\/wp\/v2\/media?parent=20356"}],"wp:term":[{"taxonomy":"category","embeddable":true,"href":"https:\/\/diariodepernambuco.audiencelabs.com.br\/wp-json\/wp\/v2\/categories?post=20356"},{"taxonomy":"post_tag","embeddable":true,"href":"https:\/\/diariodepernambuco.audiencelabs.com.br\/wp-json\/wp\/v2\/tags?post=20356"}],"curies":[{"name":"wp","href":"https:\/\/api.w.org\/{rel}","templated":true}]}}