{"id":20409,"date":"2026-03-10T07:16:00","date_gmt":"2026-03-10T10:16:00","guid":{"rendered":"https:\/\/diariodepernambuco.audiencelabs.com.br\/?p=20409"},"modified":"2026-03-09T14:01:50","modified_gmt":"2026-03-09T17:01:50","slug":"definido-brasil-vai-ter-horario-de-verao-em-2026","status":"publish","type":"post","link":"https:\/\/diariodepernambuco.audiencelabs.com.br\/definido-brasil-vai-ter-horario-de-verao-em-2026\/","title":{"rendered":"Definido! Brasil vai ter hor\u00e1rio de ver\u00e3o em 2026?"},"content":{"rendered":"\n<p>Desde 2019, o Brasil optou por n\u00e3o aplicar o hor\u00e1rio de ver\u00e3o, e essa decis\u00e3o <strong>segue valendo em 2026<\/strong>. A medida de adiantar os rel\u00f3gios durante os meses mais quentes deixou de ser utilizada, pois estudos indicam que os benef\u00edcios em economia de energia se tornaram m\u00ednimos.<\/p>\n\n\n\n<p>O aumento no uso de aparelhos eletr\u00f4nicos e sistemas de climatiza\u00e7\u00e3o durante o dia tornou o impacto do ajuste de hor\u00e1rio praticamente irrelevante, levando o pa\u00eds a manter o mesmo hor\u00e1rio ao longo do ano.<\/p>\n\n\n\n<p>Segundo informa\u00e7\u00f5es do site O Antagonista, qualquer eventual retomada dependeria de novas an\u00e1lises t\u00e9cnicas, considerando fatores como bem-estar da popula\u00e7\u00e3o e impactos sociais. Portanto, a decis\u00e3o n\u00e3o \u00e9 apenas energ\u00e9tica, mas tamb\u00e9m pol\u00edtica e estrat\u00e9gica.<\/p>\n\n\n\n<h2 class=\"wp-block-heading\">Compara\u00e7\u00e3o com os Estados Unidos<\/h2>\n\n\n\n<p>Enquanto o Brasil mant\u00e9m hor\u00e1rio fixo, os Estados Unidos seguem com o Daylight Saving Time (DST) em grande parte do pa\u00eds. Em 2026, os rel\u00f3gios americanos avan\u00e7am no in\u00edcio da primavera e retornar\u00e3o ao hor\u00e1rio padr\u00e3o no outono. Algumas regi\u00f5es, no entanto, permanecem com hor\u00e1rio fixo durante todo o ano, incluindo:<\/p>\n\n\n\n<ul class=\"wp-block-list\">\n<li>Hava\u00ed<\/li>\n\n\n\n<li>Arizona (exceto a Na\u00e7\u00e3o Navajo)<\/li>\n\n\n\n<li>Porto Rico<\/li>\n\n\n\n<li>Guam<\/li>\n\n\n\n<li>Ilhas Virgens Americanas<\/li>\n\n\n\n<li>Samoa Americana<\/li>\n<\/ul>\n\n\n\n<p>Essa diferen\u00e7a interna mostra como o ajuste de hor\u00e1rio depende de fatores geogr\u00e1ficos, sociais e econ\u00f4micos.<\/p>\n\n\n\n<h2 class=\"wp-block-heading\">Efeitos na sociedade e economia<\/h2>\n\n\n\n<p>Manter o hor\u00e1rio fixo ao longo do ano traz algumas consequ\u00eancias pr\u00e1ticas:<\/p>\n\n\n\n<ul class=\"wp-block-list\">\n<li>Rotina previs\u00edvel: cidad\u00e3os e empresas n\u00e3o precisam se adaptar a mudan\u00e7as, evitando confus\u00f5es em compromissos e transporte.<\/li>\n\n\n\n<li>Sa\u00fade e bem-estar: estudos indicam que altera\u00e7\u00f5es frequentes podem afetar o sono e reduzir produtividade.<\/li>\n\n\n\n<li>Efici\u00eancia energ\u00e9tica: a suspens\u00e3o do hor\u00e1rio de ver\u00e3o n\u00e3o resolve problemas do setor el\u00e9trico, que exigem integra\u00e7\u00e3o com tecnologias modernas e fontes de energia renov\u00e1vel.<\/li>\n<\/ul>\n\n\n\n<h2 class=\"wp-block-heading\">Reflex\u00e3o e an\u00e1lise<\/h2>\n\n\n\n<p>A experi\u00eancia brasileira mostra que simplesmente ajustar o hor\u00e1rio n\u00e3o garante economia de energia. Pol\u00edticas p\u00fablicas precisam considerar h\u00e1bitos de consumo e avan\u00e7os tecnol\u00f3gicos.<\/p>\n","protected":false},"excerpt":{"rendered":"<p>Desde 2019, o Brasil optou por n\u00e3o aplicar o hor\u00e1rio de ver\u00e3o, e essa decis\u00e3o segue valendo em 2026. A medida de adiantar os rel\u00f3gios durante os meses mais quentes deixou de ser utilizada, pois estudos indicam que os benef\u00edcios em economia de energia se tornaram m\u00ednimos. O aumento no uso de aparelhos eletr\u00f4nicos e [&hellip;]<\/p>\n","protected":false},"author":17,"featured_media":20454,"comment_status":"open","ping_status":"open","sticky":false,"template":"","format":"standard","meta":{"jnews-multi-image_gallery":[],"jnews_single_post":{"format":"standard"},"jnews_primary_category":[],"jnews_social_meta":[],"jnews_post_split":[],"footnotes":""},"categories":[1],"tags":[],"class_list":["post-20409","post","type-post","status-publish","format-standard","has-post-thumbnail","hentry","category-uncategorized"],"_links":{"self":[{"href":"https:\/\/diariodepernambuco.audiencelabs.com.br\/wp-json\/wp\/v2\/posts\/20409","targetHints":{"allow":["GET"]}}],"collection":[{"href":"https:\/\/diariodepernambuco.audiencelabs.com.br\/wp-json\/wp\/v2\/posts"}],"about":[{"href":"https:\/\/diariodepernambuco.audiencelabs.com.br\/wp-json\/wp\/v2\/types\/post"}],"author":[{"embeddable":true,"href":"https:\/\/diariodepernambuco.audiencelabs.com.br\/wp-json\/wp\/v2\/users\/17"}],"replies":[{"embeddable":true,"href":"https:\/\/diariodepernambuco.audiencelabs.com.br\/wp-json\/wp\/v2\/comments?post=20409"}],"version-history":[{"count":2,"href":"https:\/\/diariodepernambuco.audiencelabs.com.br\/wp-json\/wp\/v2\/posts\/20409\/revisions"}],"predecessor-version":[{"id":20755,"href":"https:\/\/diariodepernambuco.audiencelabs.com.br\/wp-json\/wp\/v2\/posts\/20409\/revisions\/20755"}],"wp:featuredmedia":[{"embeddable":true,"href":"https:\/\/diariodepernambuco.audiencelabs.com.br\/wp-json\/wp\/v2\/media\/20454"}],"wp:attachment":[{"href":"https:\/\/diariodepernambuco.audiencelabs.com.br\/wp-json\/wp\/v2\/media?parent=20409"}],"wp:term":[{"taxonomy":"category","embeddable":true,"href":"https:\/\/diariodepernambuco.audiencelabs.com.br\/wp-json\/wp\/v2\/categories?post=20409"},{"taxonomy":"post_tag","embeddable":true,"href":"https:\/\/diariodepernambuco.audiencelabs.com.br\/wp-json\/wp\/v2\/tags?post=20409"}],"curies":[{"name":"wp","href":"https:\/\/api.w.org\/{rel}","templated":true}]}}