{"id":20540,"date":"2026-03-10T09:09:45","date_gmt":"2026-03-10T12:09:45","guid":{"rendered":"https:\/\/diariodepernambuco.audiencelabs.com.br\/?p=20540"},"modified":"2026-03-10T09:09:47","modified_gmt":"2026-03-10T12:09:47","slug":"pensao-por-morte-e-cancelada-no-brasil-e-familiares-podem-ficar-sem-nada-nessas-situacoes","status":"publish","type":"post","link":"https:\/\/diariodepernambuco.audiencelabs.com.br\/pensao-por-morte-e-cancelada-no-brasil-e-familiares-podem-ficar-sem-nada-nessas-situacoes\/","title":{"rendered":"Pens\u00e3o por morte \u00e9 cancelada no Brasil e familiares podem ficar sem nada nessas situa\u00e7\u00f5es"},"content":{"rendered":"\n<p>A pens\u00e3o por morte \u00e9 um dos benef\u00edcios mais conhecidos do sistema previdenci\u00e1rio administrado pelo Instituto Nacional do Seguro Social (INSS). Criada para amparar familiares ap\u00f3s o falecimento de um segurado, ela ajuda a garantir renda em um momento de vulnerabilidade.<\/p>\n\n\n\n<p>No entanto, muita gente acredita que o pagamento \u00e9 autom\u00e1tico e vital\u00edcio em qualquer situa\u00e7\u00e3o, o que n\u00e3o \u00e9 verdade. A legisla\u00e7\u00e3o prev\u00ea diversas circunst\u00e2ncias que podem interromper o benef\u00edcio, deixando dependentes sem o valor mensal.<\/p>\n\n\n\n<h2 class=\"wp-block-heading\">Situa\u00e7\u00f5es que podem levar ao cancelamento<\/h2>\n\n\n\n<p>Existem casos espec\u00edficos em que o benef\u00edcio pode ser suspenso ou encerrado. Entre os mais comuns est\u00e3o:<\/p>\n\n\n\n<p><strong>1. Dependentes que atingem a idade limite<\/strong><br>Filhos ou irm\u00e3os que recebem pens\u00e3o normalmente deixam de ter direito ao pagamento ao completar 21 anos, exceto quando possuem incapacidade comprovada.<\/p>\n\n\n\n<p><strong>2. Recupera\u00e7\u00e3o da capacidade de trabalho<\/strong><br>Quando a pens\u00e3o foi concedida por causa de invalidez do dependente, o benef\u00edcio pode terminar caso exames indiquem recupera\u00e7\u00e3o.<\/p>\n\n\n\n<p><strong>3. Prazo determinado para c\u00f4njuges<\/strong><br>A dura\u00e7\u00e3o do benef\u00edcio para marido, esposa ou companheiro pode variar conforme a idade que tinham quando ocorreu o falecimento do segurado.<\/p>\n\n\n\n<p><strong>4. Problemas na concess\u00e3o do benef\u00edcio<\/strong><br>Se forem encontradas inconsist\u00eancias, documentos falsos ou qualquer irregularidade, o pagamento pode ser cancelado.<\/p>\n\n\n\n<p><strong>5. Falta de comprova\u00e7\u00e3o da depend\u00eancia<\/strong><br>Quando o \u00f3rg\u00e3o previdenci\u00e1rio entende que n\u00e3o existe mais v\u00ednculo econ\u00f4mico ou familiar que justifique o pagamento, o benef\u00edcio pode ser interrompido.<\/p>\n\n\n\n<h2 class=\"wp-block-heading\">Como evitar perder o benef\u00edcio<\/h2>\n\n\n\n<p>Para reduzir o risco de bloqueio ou cancelamento, \u00e9 essencial acompanhar o benef\u00edcio regularmente pelo aplicativo <strong>Meu INSS<\/strong> e manter documentos atualizados.<\/p>\n\n\n\n<p>Tamb\u00e9m \u00e9 importante responder \u00e0s convoca\u00e7\u00f5es do \u00f3rg\u00e3o e guardar comprovantes que demonstrem a condi\u00e7\u00e3o de dependente, especialmente em casos de invalidez ou defici\u00eancia.<\/p>\n\n\n\n<p><strong>Aten\u00e7\u00e3o<\/strong>: Acompanhar a situa\u00e7\u00e3o junto ao INSS e manter a documenta\u00e7\u00e3o em dia pode fazer toda a diferen\u00e7a para evitar surpresas desagrad\u00e1veis no futuro.<\/p>\n","protected":false},"excerpt":{"rendered":"<p>A pens\u00e3o por morte \u00e9 um dos benef\u00edcios mais conhecidos do sistema previdenci\u00e1rio administrado pelo Instituto Nacional do Seguro Social (INSS). Criada para amparar familiares ap\u00f3s o falecimento de um segurado, ela ajuda a garantir renda em um momento de vulnerabilidade. No entanto, muita gente acredita que o pagamento \u00e9 autom\u00e1tico e vital\u00edcio em qualquer [&hellip;]<\/p>\n","protected":false},"author":17,"featured_media":18635,"comment_status":"open","ping_status":"open","sticky":false,"template":"","format":"standard","meta":{"jnews-multi-image_gallery":[],"jnews_single_post":{"format":"standard"},"jnews_primary_category":[],"jnews_social_meta":[],"jnews_post_split":[],"footnotes":""},"categories":[1],"tags":[],"class_list":["post-20540","post","type-post","status-publish","format-standard","has-post-thumbnail","hentry","category-uncategorized"],"_links":{"self":[{"href":"https:\/\/diariodepernambuco.audiencelabs.com.br\/wp-json\/wp\/v2\/posts\/20540","targetHints":{"allow":["GET"]}}],"collection":[{"href":"https:\/\/diariodepernambuco.audiencelabs.com.br\/wp-json\/wp\/v2\/posts"}],"about":[{"href":"https:\/\/diariodepernambuco.audiencelabs.com.br\/wp-json\/wp\/v2\/types\/post"}],"author":[{"embeddable":true,"href":"https:\/\/diariodepernambuco.audiencelabs.com.br\/wp-json\/wp\/v2\/users\/17"}],"replies":[{"embeddable":true,"href":"https:\/\/diariodepernambuco.audiencelabs.com.br\/wp-json\/wp\/v2\/comments?post=20540"}],"version-history":[{"count":2,"href":"https:\/\/diariodepernambuco.audiencelabs.com.br\/wp-json\/wp\/v2\/posts\/20540\/revisions"}],"predecessor-version":[{"id":20758,"href":"https:\/\/diariodepernambuco.audiencelabs.com.br\/wp-json\/wp\/v2\/posts\/20540\/revisions\/20758"}],"wp:featuredmedia":[{"embeddable":true,"href":"https:\/\/diariodepernambuco.audiencelabs.com.br\/wp-json\/wp\/v2\/media\/18635"}],"wp:attachment":[{"href":"https:\/\/diariodepernambuco.audiencelabs.com.br\/wp-json\/wp\/v2\/media?parent=20540"}],"wp:term":[{"taxonomy":"category","embeddable":true,"href":"https:\/\/diariodepernambuco.audiencelabs.com.br\/wp-json\/wp\/v2\/categories?post=20540"},{"taxonomy":"post_tag","embeddable":true,"href":"https:\/\/diariodepernambuco.audiencelabs.com.br\/wp-json\/wp\/v2\/tags?post=20540"}],"curies":[{"name":"wp","href":"https:\/\/api.w.org\/{rel}","templated":true}]}}