{"id":2057,"date":"2025-08-30T15:50:00","date_gmt":"2025-08-30T18:50:00","guid":{"rendered":"https:\/\/diariodepernambuco.audiencelabs.com.br\/?p=2057"},"modified":"2025-08-27T16:16:22","modified_gmt":"2025-08-27T19:16:22","slug":"lei-definida-trabalhador-mei-tem-direito-a-tirar-ferias","status":"publish","type":"post","link":"https:\/\/diariodepernambuco.audiencelabs.com.br\/lei-definida-trabalhador-mei-tem-direito-a-tirar-ferias\/","title":{"rendered":"Lei definida! Trabalhador MEI tem direito a tirar f\u00e9rias?"},"content":{"rendered":"\n<p>Mais de 17 milh\u00f5es de brasileiros j\u00e1 tiveram CNPJ como Microempreendedor Individual (MEI) em algum momento, segundo pesquisa do SEBRAE, que aponta um crescimento de aproximadamente 215% entre 2014 e 2022.<\/p>\n\n\n\n<p>Embora muitos brasileiros sejam ou j\u00e1 tenham sido MEI, nem todos conhecem os direitos e benef\u00edcios trabalhistas dessa modalidade. Se voc\u00ea \u00e9 MEI ou est\u00e1 pensando em se tornar um, \u00e9 essencial entender essas regras para garantir seus direitos e planejar corretamente o neg\u00f3cio.<\/p>\n\n\n\n<p>O Microempreendedor Individual (MEI) n\u00e3o tem direito legal a f\u00e9rias remuneradas, pois n\u00e3o \u00e9 considerado um empregado formal. Mesmo assim, \u00e9 essencial que o MEI organize per\u00edodos de descanso para preservar a sa\u00fade f\u00edsica e mental.<\/p>\n\n\n\n<p>Como fazer isso? Por meio de planejamento financeiro, economizando ao longo do ano para formar uma reserva de emerg\u00eancia, e definindo as datas de pausa com anteced\u00eancia, comunicando claramente aos clientes que n\u00e3o haver\u00e1 atendimento nesse per\u00edodo.<\/p>\n\n\n\n<p>Diferentemente dos trabalhadores formais, o MEI n\u00e3o tem direito ao d\u00e9cimo terceiro sal\u00e1rio. Por isso, \u00e9 fundamental manter um planejamento financeiro rigoroso e poupar ao longo do ano, garantindo recursos suficientes para enfrentar per\u00edodos de menor movimento e vendas.<\/p>\n\n\n\n<h2 class=\"wp-block-heading\">Como se tornar MEI<\/h2>\n\n\n\n<p>Para se tornar Microempreendedor Individual (MEI), \u00e9 preciso seguir alguns passos simples e oficiais. Aqui est\u00e1 um guia pr\u00e1tico:<\/p>\n\n\n\n<ol class=\"wp-block-list\">\n<li>Verifique se voc\u00ea se enquadra como MEI<\/li>\n<\/ol>\n\n\n\n<ul class=\"wp-block-list\">\n<li>Ter faturamento anual de at\u00e9 R$ 144 mil (equivalente a R$ 12 mil por m\u00eas).<\/li>\n\n\n\n<li>N\u00e3o ser s\u00f3cio ou titular de outra empresa.<\/li>\n\n\n\n<li>Exercer uma das atividades permitidas para MEI (consultar a lista de CNAEs no site do governo).<\/li>\n<\/ul>\n\n\n\n<ol start=\"2\" class=\"wp-block-list\">\n<li>Tenha documentos em m\u00e3os<\/li>\n<\/ol>\n\n\n\n<ul class=\"wp-block-list\">\n<li>CPF, t\u00edtulo de eleitor ou n\u00famero do recibo da \u00faltima declara\u00e7\u00e3o de Imposto de Renda.<\/li>\n\n\n\n<li>Comprovante de endere\u00e7o residencial e comercial, se houver.<\/li>\n<\/ul>\n\n\n\n<ol start=\"3\" class=\"wp-block-list\">\n<li>Realize o cadastro<\/li>\n<\/ol>\n\n\n\n<ul class=\"wp-block-list\">\n<li>Acesse o portal Gov.br \u2013 MEI<\/li>\n\n\n\n<li>Clique em \u201cQuero ser MEI\u201d e preencha o formul\u00e1rio com seus dados pessoais e informa\u00e7\u00f5es sobre a atividade que deseja exercer.<\/li>\n<\/ul>\n\n\n\n<ol start=\"4\" class=\"wp-block-list\">\n<li>Obtenha o CNPJ e o registro da empresa<\/li>\n<\/ol>\n\n\n\n<ul class=\"wp-block-list\">\n<li>Ap\u00f3s o cadastro, o sistema emitir\u00e1 o CNPJ, a inscri\u00e7\u00e3o na Junta Comercial e o alvar\u00e1 de funcionamento provis\u00f3rio, tudo de forma gratuita e online.<\/li>\n<\/ul>\n\n\n\n<ol start=\"5\" class=\"wp-block-list\">\n<li>Mantenha-se regular<\/li>\n<\/ol>\n\n\n\n<ul class=\"wp-block-list\">\n<li>Pague mensalmente o DAS (Documento de Arrecada\u00e7\u00e3o do Simples Nacional), que inclui tributos federais, estaduais e municipais.<\/li>\n\n\n\n<li>Fa\u00e7a a declara\u00e7\u00e3o anual do MEI (DASN-SIMEI).<\/li>\n<\/ul>\n\n\n\n<p><\/p>\n","protected":false},"excerpt":{"rendered":"<p>Mais de 17 milh\u00f5es de brasileiros j\u00e1 tiveram CNPJ como Microempreendedor Individual (MEI) em algum momento, segundo pesquisa do SEBRAE, que aponta um crescimento de aproximadamente 215% entre 2014 e 2022. Embora muitos brasileiros sejam ou j\u00e1 tenham sido MEI, nem todos conhecem os direitos e benef\u00edcios trabalhistas dessa modalidade. Se voc\u00ea \u00e9 MEI ou [&hellip;]<\/p>\n","protected":false},"author":4,"featured_media":1073,"comment_status":"open","ping_status":"open","sticky":false,"template":"","format":"standard","meta":{"jnews-multi-image_gallery":[],"jnews_single_post":{"format":"standard"},"jnews_primary_category":[],"jnews_social_meta":[],"jnews_post_split":[],"footnotes":""},"categories":[1],"tags":[],"class_list":["post-2057","post","type-post","status-publish","format-standard","has-post-thumbnail","hentry","category-uncategorized"],"_links":{"self":[{"href":"https:\/\/diariodepernambuco.audiencelabs.com.br\/wp-json\/wp\/v2\/posts\/2057","targetHints":{"allow":["GET"]}}],"collection":[{"href":"https:\/\/diariodepernambuco.audiencelabs.com.br\/wp-json\/wp\/v2\/posts"}],"about":[{"href":"https:\/\/diariodepernambuco.audiencelabs.com.br\/wp-json\/wp\/v2\/types\/post"}],"author":[{"embeddable":true,"href":"https:\/\/diariodepernambuco.audiencelabs.com.br\/wp-json\/wp\/v2\/users\/4"}],"replies":[{"embeddable":true,"href":"https:\/\/diariodepernambuco.audiencelabs.com.br\/wp-json\/wp\/v2\/comments?post=2057"}],"version-history":[{"count":2,"href":"https:\/\/diariodepernambuco.audiencelabs.com.br\/wp-json\/wp\/v2\/posts\/2057\/revisions"}],"predecessor-version":[{"id":2084,"href":"https:\/\/diariodepernambuco.audiencelabs.com.br\/wp-json\/wp\/v2\/posts\/2057\/revisions\/2084"}],"wp:featuredmedia":[{"embeddable":true,"href":"https:\/\/diariodepernambuco.audiencelabs.com.br\/wp-json\/wp\/v2\/media\/1073"}],"wp:attachment":[{"href":"https:\/\/diariodepernambuco.audiencelabs.com.br\/wp-json\/wp\/v2\/media?parent=2057"}],"wp:term":[{"taxonomy":"category","embeddable":true,"href":"https:\/\/diariodepernambuco.audiencelabs.com.br\/wp-json\/wp\/v2\/categories?post=2057"},{"taxonomy":"post_tag","embeddable":true,"href":"https:\/\/diariodepernambuco.audiencelabs.com.br\/wp-json\/wp\/v2\/tags?post=2057"}],"curies":[{"name":"wp","href":"https:\/\/api.w.org\/{rel}","templated":true}]}}