{"id":20571,"date":"2026-03-11T13:06:00","date_gmt":"2026-03-11T16:06:00","guid":{"rendered":"https:\/\/diariodepernambuco.audiencelabs.com.br\/?p=20571"},"modified":"2026-03-10T11:40:31","modified_gmt":"2026-03-10T14:40:31","slug":"guarda-do-ira-tomou-decisao-final-sobre-fim-da-guerra","status":"publish","type":"post","link":"https:\/\/diariodepernambuco.audiencelabs.com.br\/guarda-do-ira-tomou-decisao-final-sobre-fim-da-guerra\/","title":{"rendered":"Guarda do Ir\u00e3 tomou decis\u00e3o final sobre fim da guerra"},"content":{"rendered":"\n<p>A Guarda Revolucion\u00e1ria do Ir\u00e3 afirmou que pretende determinar quando o atual conflito chegar\u00e1 ao fim. A declara\u00e7\u00e3o foi divulgada em resposta a coment\u00e1rios do presidente dos Estados Unidos, Donald Trump, que havia sugerido que a guerra poderia terminar em breve. Segundo o porta-voz da for\u00e7a militar iraniana, o desfecho do confronto n\u00e3o ser\u00e1 decidido por Washington.<\/p>\n\n\n\n<p>Em comunicado divulgado pela imprensa estatal iraniana, a Guarda Revolucion\u00e1ria afirmou que \u201cseremos n\u00f3s que decidiremos o fim da guerra\u201d. A mensagem tamb\u00e9m destacou que o futuro da seguran\u00e7a na regi\u00e3o estaria nas m\u00e3os das for\u00e7as armadas do pa\u00eds, refor\u00e7ando a postura de enfrentamento diante da press\u00e3o militar dos Estados Unidos e de seus aliados.<\/p>\n\n\n\n<p>A fala ocorre em meio ao aumento das tens\u00f5es no Oriente M\u00e9dio, com opera\u00e7\u00f5es militares, amea\u00e7as de retalia\u00e7\u00e3o e movimenta\u00e7\u00f5es de tropas na regi\u00e3o. O conflito tem provocado preocupa\u00e7\u00e3o internacional, j\u00e1 que envolve grandes pot\u00eancias e pode afetar rotas estrat\u00e9gicas de energia e com\u00e9rcio mundial.<\/p>\n\n\n\n<p>Nos \u00faltimos dias, autoridades iranianas tamb\u00e9m advertiram que poder\u00e3o adotar medidas mais duras caso os ataques continuem. Entre as possibilidades citadas est\u00e1 at\u00e9 mesmo restringir o transporte de petr\u00f3leo na regi\u00e3o, algo que poderia gerar impactos significativos no mercado global de energia.<\/p>\n\n\n\n<p>Diante desse cen\u00e1rio, especialistas avaliam que as declara\u00e7\u00f5es da Guarda Revolucion\u00e1ria representam um recado direto aos advers\u00e1rios e mostram que o Ir\u00e3 pretende manter uma postura firme no conflito. Ao mesmo tempo, cresce a press\u00e3o internacional para que as partes encontrem caminhos diplom\u00e1ticos que evitem uma escalada ainda maior da guerra.<\/p>\n\n\n\n<h2 class=\"wp-block-heading\">Chefe do Conselho de Seguran\u00e7a do Ir\u00e3 faz amea\u00e7a direta a Trump<\/h2>\n\n\n\n<p>O chefe do Conselho de Seguran\u00e7a do Ir\u00e3, Ali Larijani, uma das autoridades mais influentes do pa\u00eds, fez duras declara\u00e7\u00f5es nesta ter\u00e7a-feira (10) contra o presidente dos Estados Unidos, Donald Trump. Larijani afirmou n\u00e3o temer o que chamou de \u201camea\u00e7as vazias\u201d vindas do l\u00edder norte-americano e alertou que Trump deveria ter cuidado \u201cpara n\u00e3o ser eliminado\u201d.<\/p>\n\n\n\n<p>&#8220;O povo de Ashura (refer\u00eancia a mu\u00e7ulmanos xiitas, maioria no Ir\u00e3), no Ir\u00e3, n\u00e3o teme suas amea\u00e7as vazias. Nem mesmo aqueles maiores que voc\u00ea conseguiram eliminar a na\u00e7\u00e3o iraniana. Cuidado para n\u00e3o ser eliminado!&#8221;, escreveu Larijani, que era um dos nomes considerados para suceder o aioatol\u00e1 Ali Khamenei.<\/p>\n\n\n\n<p><\/p>\n","protected":false},"excerpt":{"rendered":"<p>A Guarda Revolucion\u00e1ria do Ir\u00e3 afirmou que pretende determinar quando o atual conflito chegar\u00e1 ao fim. A declara\u00e7\u00e3o foi divulgada em resposta a coment\u00e1rios do presidente dos Estados Unidos, Donald Trump, que havia sugerido que a guerra poderia terminar em breve. Segundo o porta-voz da for\u00e7a militar iraniana, o desfecho do confronto n\u00e3o ser\u00e1 decidido [&hellip;]<\/p>\n","protected":false},"author":4,"featured_media":20574,"comment_status":"open","ping_status":"open","sticky":false,"template":"","format":"standard","meta":{"jnews-multi-image_gallery":[],"jnews_single_post":{"format":"standard"},"jnews_primary_category":[],"jnews_social_meta":[],"jnews_post_split":[],"footnotes":""},"categories":[1],"tags":[],"class_list":["post-20571","post","type-post","status-publish","format-standard","has-post-thumbnail","hentry","category-uncategorized"],"_links":{"self":[{"href":"https:\/\/diariodepernambuco.audiencelabs.com.br\/wp-json\/wp\/v2\/posts\/20571","targetHints":{"allow":["GET"]}}],"collection":[{"href":"https:\/\/diariodepernambuco.audiencelabs.com.br\/wp-json\/wp\/v2\/posts"}],"about":[{"href":"https:\/\/diariodepernambuco.audiencelabs.com.br\/wp-json\/wp\/v2\/types\/post"}],"author":[{"embeddable":true,"href":"https:\/\/diariodepernambuco.audiencelabs.com.br\/wp-json\/wp\/v2\/users\/4"}],"replies":[{"embeddable":true,"href":"https:\/\/diariodepernambuco.audiencelabs.com.br\/wp-json\/wp\/v2\/comments?post=20571"}],"version-history":[{"count":3,"href":"https:\/\/diariodepernambuco.audiencelabs.com.br\/wp-json\/wp\/v2\/posts\/20571\/revisions"}],"predecessor-version":[{"id":20886,"href":"https:\/\/diariodepernambuco.audiencelabs.com.br\/wp-json\/wp\/v2\/posts\/20571\/revisions\/20886"}],"wp:featuredmedia":[{"embeddable":true,"href":"https:\/\/diariodepernambuco.audiencelabs.com.br\/wp-json\/wp\/v2\/media\/20574"}],"wp:attachment":[{"href":"https:\/\/diariodepernambuco.audiencelabs.com.br\/wp-json\/wp\/v2\/media?parent=20571"}],"wp:term":[{"taxonomy":"category","embeddable":true,"href":"https:\/\/diariodepernambuco.audiencelabs.com.br\/wp-json\/wp\/v2\/categories?post=20571"},{"taxonomy":"post_tag","embeddable":true,"href":"https:\/\/diariodepernambuco.audiencelabs.com.br\/wp-json\/wp\/v2\/tags?post=20571"}],"curies":[{"name":"wp","href":"https:\/\/api.w.org\/{rel}","templated":true}]}}