{"id":20623,"date":"2026-03-14T09:29:00","date_gmt":"2026-03-14T12:29:00","guid":{"rendered":"https:\/\/diariodepernambuco.audiencelabs.com.br\/?p=20623"},"modified":"2026-03-10T16:17:55","modified_gmt":"2026-03-10T19:17:55","slug":"13o-muito-antes-do-normal-brasileiros-vao-receber-deposito-entre-abril-e-maio","status":"publish","type":"post","link":"https:\/\/diariodepernambuco.audiencelabs.com.br\/13o-muito-antes-do-normal-brasileiros-vao-receber-deposito-entre-abril-e-maio\/","title":{"rendered":"13\u00ba muito antes do normal: brasileiros v\u00e3o receber dep\u00f3sito entre abril e maio"},"content":{"rendered":"\n<p>O governo federal estuda antecipar o pagamento do 13\u00ba sal\u00e1rio para aposentados e pensionistas do Instituto Nacional do Seguro Social (INSS) em 2026. A proposta prev\u00ea que os dep\u00f3sitos ocorram entre abril e maio, seguindo um modelo que j\u00e1 vem sendo adotado nos \u00faltimos anos. A medida beneficia milh\u00f5es de brasileiros que dependem do benef\u00edcio previdenci\u00e1rio.<\/p>\n\n\n\n<p>Segundo as informa\u00e7\u00f5es divulgadas, cerca de 35 milh\u00f5es de segurados devem receber o pagamento antecipado caso a proposta seja confirmada. Al\u00e9m de ajudar diretamente os benefici\u00e1rios, a iniciativa tamb\u00e9m tem impacto relevante na economia, j\u00e1 que o valor total movimentado pode chegar a aproximadamente R$ 78 bilh\u00f5es.<\/p>\n\n\n\n<p>Para que o cronograma seja oficializado, o Minist\u00e9rio da Previd\u00eancia Social ainda precisa concluir uma nota t\u00e9cnica que servir\u00e1 de base para a medida. Depois disso, ser\u00e1 necess\u00e1ria a publica\u00e7\u00e3o de um decreto presidencial, etapa fundamental para confirmar a antecipa\u00e7\u00e3o e permitir que os pagamentos sejam programados.<\/p>\n\n\n\n<p>De acordo com o minist\u00e9rio, o assunto ainda passa por debates internos no governo federal. No entanto, a expectativa \u00e9 de que o modelo adotado siga o mesmo padr\u00e3o dos \u00faltimos anos, quando o d\u00e9cimo terceiro dos benefici\u00e1rios do INSS foi pago antes do per\u00edodo tradicional.<\/p>\n\n\n\n<p>Caso a antecipa\u00e7\u00e3o seja confirmada no in\u00edcio de abril, os segurados poder\u00e3o receber o benef\u00edcio dividido em duas parcelas, geralmente pagas junto com o calend\u00e1rio regular do INSS. A medida costuma ser vista como uma forma de refor\u00e7ar a renda dos aposentados e pensionistas, al\u00e9m de estimular o consumo em diversos setores da economia.<\/p>\n\n\n\n<h2 class=\"wp-block-heading\">Como funciona o pagamento do 13\u00ba do INSS<\/h2>\n\n\n\n<p>O 13\u00ba sal\u00e1rio pago aos benefici\u00e1rios do Instituto Nacional do Seguro Social (INSS) costuma ser dividido em duas parcelas. A primeira corresponde a at\u00e9 50% do valor do benef\u00edcio mensal e \u00e9 depositada sem descontos. J\u00e1 a segunda parcela pode ter dedu\u00e7\u00f5es, como o Imposto de Renda para quem se enquadra nas regras de tributa\u00e7\u00e3o.<\/p>\n\n\n\n<p>Os dep\u00f3sitos seguem o calend\u00e1rio tradicional do INSS, que leva em considera\u00e7\u00e3o o n\u00famero final do benef\u00edcio (sem o d\u00edgito verificador). Dessa forma, os pagamentos s\u00e3o feitos de forma escalonada para aposentados, pensionistas e demais segurados, evitando sobrecarga no sistema banc\u00e1rio e garantindo que todos recebam dentro do cronograma definido.<\/p>\n\n\n\n<p><\/p>\n","protected":false},"excerpt":{"rendered":"<p>O governo federal estuda antecipar o pagamento do 13\u00ba sal\u00e1rio para aposentados e pensionistas do Instituto Nacional do Seguro Social (INSS) em 2026. A proposta prev\u00ea que os dep\u00f3sitos ocorram entre abril e maio, seguindo um modelo que j\u00e1 vem sendo adotado nos \u00faltimos anos. A medida beneficia milh\u00f5es de brasileiros que dependem do benef\u00edcio [&hellip;]<\/p>\n","protected":false},"author":4,"featured_media":1536,"comment_status":"open","ping_status":"open","sticky":false,"template":"","format":"standard","meta":{"jnews-multi-image_gallery":[],"jnews_single_post":{"format":"standard"},"jnews_primary_category":[],"jnews_social_meta":[],"jnews_post_split":[],"footnotes":""},"categories":[1],"tags":[],"class_list":["post-20623","post","type-post","status-publish","format-standard","has-post-thumbnail","hentry","category-uncategorized"],"_links":{"self":[{"href":"https:\/\/diariodepernambuco.audiencelabs.com.br\/wp-json\/wp\/v2\/posts\/20623","targetHints":{"allow":["GET"]}}],"collection":[{"href":"https:\/\/diariodepernambuco.audiencelabs.com.br\/wp-json\/wp\/v2\/posts"}],"about":[{"href":"https:\/\/diariodepernambuco.audiencelabs.com.br\/wp-json\/wp\/v2\/types\/post"}],"author":[{"embeddable":true,"href":"https:\/\/diariodepernambuco.audiencelabs.com.br\/wp-json\/wp\/v2\/users\/4"}],"replies":[{"embeddable":true,"href":"https:\/\/diariodepernambuco.audiencelabs.com.br\/wp-json\/wp\/v2\/comments?post=20623"}],"version-history":[{"count":2,"href":"https:\/\/diariodepernambuco.audiencelabs.com.br\/wp-json\/wp\/v2\/posts\/20623\/revisions"}],"predecessor-version":[{"id":20629,"href":"https:\/\/diariodepernambuco.audiencelabs.com.br\/wp-json\/wp\/v2\/posts\/20623\/revisions\/20629"}],"wp:featuredmedia":[{"embeddable":true,"href":"https:\/\/diariodepernambuco.audiencelabs.com.br\/wp-json\/wp\/v2\/media\/1536"}],"wp:attachment":[{"href":"https:\/\/diariodepernambuco.audiencelabs.com.br\/wp-json\/wp\/v2\/media?parent=20623"}],"wp:term":[{"taxonomy":"category","embeddable":true,"href":"https:\/\/diariodepernambuco.audiencelabs.com.br\/wp-json\/wp\/v2\/categories?post=20623"},{"taxonomy":"post_tag","embeddable":true,"href":"https:\/\/diariodepernambuco.audiencelabs.com.br\/wp-json\/wp\/v2\/tags?post=20623"}],"curies":[{"name":"wp","href":"https:\/\/api.w.org\/{rel}","templated":true}]}}