{"id":20736,"date":"2026-03-12T10:06:00","date_gmt":"2026-03-12T13:06:00","guid":{"rendered":"https:\/\/diariodepernambuco.audiencelabs.com.br\/?p=20736"},"modified":"2026-03-11T14:58:15","modified_gmt":"2026-03-11T17:58:15","slug":"lei-dos-retrovisores-muda-exigencias-para-motoristas-com-cnh-2026","status":"publish","type":"post","link":"https:\/\/diariodepernambuco.audiencelabs.com.br\/lei-dos-retrovisores-muda-exigencias-para-motoristas-com-cnh-2026\/","title":{"rendered":"Lei dos retrovisores muda exig\u00eancias para motoristas com CNH 2026"},"content":{"rendered":"\n<p>Uma nova regra de tr\u00e2nsito passou a exigir mais aten\u00e7\u00e3o dos motoristas brasileiros em 2026. A chamada \u201clei dos retrovisores\u201d refor\u00e7a os padr\u00f5es t\u00e9cnicos para esses equipamentos e aumenta a fiscaliza\u00e7\u00e3o nas ruas e estradas. A medida foi estabelecida por meio de resolu\u00e7\u00e3o do Conselho Nacional de Tr\u00e2nsito (Contran), que busca melhorar a visibilidade dos condutores e reduzir acidentes causados por pontos cegos.<\/p>\n\n\n\n<p>Com a regra em vigor, circular com retrovisores quebrados, rachados, frouxos ou improvisados passou a ser considerado infra\u00e7\u00e3o grave. Caso seja flagrado em fiscaliza\u00e7\u00e3o, o motorista pode receber multa de R$ 195,23 e ainda somar cinco pontos na Carteira Nacional de Habilita\u00e7\u00e3o (CNH), al\u00e9m da possibilidade de reten\u00e7\u00e3o do ve\u00edculo at\u00e9 que o problema seja corrigido.<\/p>\n\n\n\n<p>As novas exig\u00eancias tamb\u00e9m determinam padr\u00f5es t\u00e9cnicos m\u00ednimos para os espelhos retrovisores, como tamanho, curvatura e campo de vis\u00e3o adequado. Em muitos casos, espelhos pequenos demais ou que distor\u00e7am a imagem n\u00e3o s\u00e3o permitidos, j\u00e1 que podem comprometer a vis\u00e3o lateral e traseira do motorista durante manobras ou mudan\u00e7as de faixa.<\/p>\n\n\n\n<p>O objetivo da norma \u00e9 aumentar a seguran\u00e7a no tr\u00e2nsito ao reduzir \u00e1reas de pouca visibilidade ao redor do ve\u00edculo. Com retrovisores mais eficientes e dentro dos padr\u00f5es exigidos, as autoridades esperam diminuir acidentes envolvendo motociclistas, ciclistas e pedestres, especialmente em situa\u00e7\u00f5es como ultrapassagens ou trocas de faixa.<\/p>\n\n\n\n<h2 class=\"wp-block-heading\">Fiscaliza\u00e7\u00e3o pode gerar multa e pontos na carteira<\/h2>\n\n\n\n<p>As regras estabelecidas pelo Conselho Nacional de Tr\u00e2nsito exigem que todos os ve\u00edculos em circula\u00e7\u00e3o estejam com os retrovisores em perfeitas condi\u00e7\u00f5es de uso. Caso o equipamento esteja quebrado, mal fixado ou com visibilidade comprometida, o motorista pode ser autuado durante fiscaliza\u00e7\u00f5es realizadas por \u00f3rg\u00e3os de tr\u00e2nsito em todo o pa\u00eds.<\/p>\n\n\n\n<p>Nesse tipo de situa\u00e7\u00e3o, a infra\u00e7\u00e3o \u00e9 considerada grave segundo o C\u00f3digo de Tr\u00e2nsito Brasileiro. Al\u00e9m da multa de R$ 195,23 e da perda de cinco pontos na Carteira Nacional de Habilita\u00e7\u00e3o, o ve\u00edculo ainda pode ser retido at\u00e9 que o problema seja resolvido, obrigando o condutor a regularizar a situa\u00e7\u00e3o antes de continuar a viagem.<\/p>\n\n\n\n<p><\/p>\n","protected":false},"excerpt":{"rendered":"<p>Uma nova regra de tr\u00e2nsito passou a exigir mais aten\u00e7\u00e3o dos motoristas brasileiros em 2026. A chamada \u201clei dos retrovisores\u201d refor\u00e7a os padr\u00f5es t\u00e9cnicos para esses equipamentos e aumenta a fiscaliza\u00e7\u00e3o nas ruas e estradas. A medida foi estabelecida por meio de resolu\u00e7\u00e3o do Conselho Nacional de Tr\u00e2nsito (Contran), que busca melhorar a visibilidade dos [&hellip;]<\/p>\n","protected":false},"author":4,"featured_media":20738,"comment_status":"open","ping_status":"open","sticky":false,"template":"","format":"standard","meta":{"jnews-multi-image_gallery":[],"jnews_single_post":{"format":"standard"},"jnews_primary_category":[],"jnews_social_meta":[],"jnews_post_split":[],"footnotes":""},"categories":[1],"tags":[],"class_list":["post-20736","post","type-post","status-publish","format-standard","has-post-thumbnail","hentry","category-uncategorized"],"_links":{"self":[{"href":"https:\/\/diariodepernambuco.audiencelabs.com.br\/wp-json\/wp\/v2\/posts\/20736","targetHints":{"allow":["GET"]}}],"collection":[{"href":"https:\/\/diariodepernambuco.audiencelabs.com.br\/wp-json\/wp\/v2\/posts"}],"about":[{"href":"https:\/\/diariodepernambuco.audiencelabs.com.br\/wp-json\/wp\/v2\/types\/post"}],"author":[{"embeddable":true,"href":"https:\/\/diariodepernambuco.audiencelabs.com.br\/wp-json\/wp\/v2\/users\/4"}],"replies":[{"embeddable":true,"href":"https:\/\/diariodepernambuco.audiencelabs.com.br\/wp-json\/wp\/v2\/comments?post=20736"}],"version-history":[{"count":3,"href":"https:\/\/diariodepernambuco.audiencelabs.com.br\/wp-json\/wp\/v2\/posts\/20736\/revisions"}],"predecessor-version":[{"id":20743,"href":"https:\/\/diariodepernambuco.audiencelabs.com.br\/wp-json\/wp\/v2\/posts\/20736\/revisions\/20743"}],"wp:featuredmedia":[{"embeddable":true,"href":"https:\/\/diariodepernambuco.audiencelabs.com.br\/wp-json\/wp\/v2\/media\/20738"}],"wp:attachment":[{"href":"https:\/\/diariodepernambuco.audiencelabs.com.br\/wp-json\/wp\/v2\/media?parent=20736"}],"wp:term":[{"taxonomy":"category","embeddable":true,"href":"https:\/\/diariodepernambuco.audiencelabs.com.br\/wp-json\/wp\/v2\/categories?post=20736"},{"taxonomy":"post_tag","embeddable":true,"href":"https:\/\/diariodepernambuco.audiencelabs.com.br\/wp-json\/wp\/v2\/tags?post=20736"}],"curies":[{"name":"wp","href":"https:\/\/api.w.org\/{rel}","templated":true}]}}