{"id":20767,"date":"2026-03-12T13:00:00","date_gmt":"2026-03-12T16:00:00","guid":{"rendered":"https:\/\/diariodepernambuco.audiencelabs.com.br\/?p=20767"},"modified":"2026-03-11T15:41:48","modified_gmt":"2026-03-11T18:41:48","slug":"por-que-os-dentes-entortam-novamente-apos-uso-de-aparelhos","status":"publish","type":"post","link":"https:\/\/diariodepernambuco.audiencelabs.com.br\/por-que-os-dentes-entortam-novamente-apos-uso-de-aparelhos\/","title":{"rendered":"Por que os dentes entortam novamente ap\u00f3s uso de aparelhos?"},"content":{"rendered":"\n<p>Muitas pessoas acreditam que, depois de terminar o tratamento com aparelho ortod\u00f4ntico, os dentes permanecer\u00e3o alinhados para sempre. No entanto, em alguns casos, eles podem voltar a se movimentar com o passar do tempo, fen\u00f4meno conhecido na Ortodontia como recidiva ortod\u00f4ntica.<\/p>\n\n\n\n<p>Uma das principais raz\u00f5es para isso \u00e9 a falta de uso do aparelho de conten\u00e7\u00e3o ap\u00f3s a retirada do aparelho fixo. A conten\u00e7\u00e3o \u00e9 fundamental para manter os dentes na nova posi\u00e7\u00e3o enquanto os ossos e tecidos da boca se adaptam \u00e0 mudan\u00e7a. Quando o paciente n\u00e3o utiliza o dispositivo conforme a recomenda\u00e7\u00e3o do dentista, h\u00e1 maior risco de desalinhamento.<\/p>\n\n\n\n<p>Outro fator que pode contribuir para a movimenta\u00e7\u00e3o dos dentes \u00e9 o pr\u00f3prio processo natural do corpo. Com o envelhecimento, mudan\u00e7as na estrutura \u00f3ssea, na posi\u00e7\u00e3o da mand\u00edbula e at\u00e9 h\u00e1bitos como pressionar os dentes ou ranger durante a noite podem provocar pequenas altera\u00e7\u00f5es na arcada dent\u00e1ria.<\/p>\n\n\n\n<p>Por isso, especialistas recomendam acompanhamento peri\u00f3dico com o dentista mesmo ap\u00f3s o fim do tratamento ortod\u00f4ntico. Em muitos casos, o uso cont\u00ednuo ou prolongado da conten\u00e7\u00e3o \u00e9 indicado para garantir que o resultado conquistado com o aparelho seja mantido ao longo dos anos.<\/p>\n\n\n\n<h2 class=\"wp-block-heading\">Import\u00e2ncia do acompanhamento ap\u00f3s o tratamento<\/h2>\n\n\n\n<p>Mesmo depois da retirada do aparelho, especialistas da Ortodontia recomendam que o paciente continue realizando consultas peri\u00f3dicas com o dentista. Esse acompanhamento permite avaliar se os dentes continuam na posi\u00e7\u00e3o correta e se a conten\u00e7\u00e3o est\u00e1 funcionando adequadamente.<\/p>\n\n\n\n<p>Al\u00e9m disso, h\u00e1bitos como roer unhas, morder objetos ou o problema conhecido como Bruxismo \u2014 quando a pessoa range ou aperta os dentes \u2014 tamb\u00e9m podem influenciar na movimenta\u00e7\u00e3o da arcada dent\u00e1ria. Por isso, manter cuidados cont\u00ednuos \u00e9 essencial para preservar os resultados conquistados com o tratamento ortod\u00f4ntico.<\/p>\n\n\n\n<p><\/p>\n","protected":false},"excerpt":{"rendered":"<p>Muitas pessoas acreditam que, depois de terminar o tratamento com aparelho ortod\u00f4ntico, os dentes permanecer\u00e3o alinhados para sempre. No entanto, em alguns casos, eles podem voltar a se movimentar com o passar do tempo, fen\u00f4meno conhecido na Ortodontia como recidiva ortod\u00f4ntica. Uma das principais raz\u00f5es para isso \u00e9 a falta de uso do aparelho de [&hellip;]<\/p>\n","protected":false},"author":4,"featured_media":20769,"comment_status":"open","ping_status":"open","sticky":false,"template":"","format":"standard","meta":{"jnews-multi-image_gallery":[],"jnews_single_post":{"format":"standard"},"jnews_primary_category":[],"jnews_social_meta":[],"jnews_post_split":[],"footnotes":""},"categories":[1],"tags":[],"class_list":["post-20767","post","type-post","status-publish","format-standard","has-post-thumbnail","hentry","category-uncategorized"],"_links":{"self":[{"href":"https:\/\/diariodepernambuco.audiencelabs.com.br\/wp-json\/wp\/v2\/posts\/20767","targetHints":{"allow":["GET"]}}],"collection":[{"href":"https:\/\/diariodepernambuco.audiencelabs.com.br\/wp-json\/wp\/v2\/posts"}],"about":[{"href":"https:\/\/diariodepernambuco.audiencelabs.com.br\/wp-json\/wp\/v2\/types\/post"}],"author":[{"embeddable":true,"href":"https:\/\/diariodepernambuco.audiencelabs.com.br\/wp-json\/wp\/v2\/users\/4"}],"replies":[{"embeddable":true,"href":"https:\/\/diariodepernambuco.audiencelabs.com.br\/wp-json\/wp\/v2\/comments?post=20767"}],"version-history":[{"count":2,"href":"https:\/\/diariodepernambuco.audiencelabs.com.br\/wp-json\/wp\/v2\/posts\/20767\/revisions"}],"predecessor-version":[{"id":20770,"href":"https:\/\/diariodepernambuco.audiencelabs.com.br\/wp-json\/wp\/v2\/posts\/20767\/revisions\/20770"}],"wp:featuredmedia":[{"embeddable":true,"href":"https:\/\/diariodepernambuco.audiencelabs.com.br\/wp-json\/wp\/v2\/media\/20769"}],"wp:attachment":[{"href":"https:\/\/diariodepernambuco.audiencelabs.com.br\/wp-json\/wp\/v2\/media?parent=20767"}],"wp:term":[{"taxonomy":"category","embeddable":true,"href":"https:\/\/diariodepernambuco.audiencelabs.com.br\/wp-json\/wp\/v2\/categories?post=20767"},{"taxonomy":"post_tag","embeddable":true,"href":"https:\/\/diariodepernambuco.audiencelabs.com.br\/wp-json\/wp\/v2\/tags?post=20767"}],"curies":[{"name":"wp","href":"https:\/\/api.w.org\/{rel}","templated":true}]}}