{"id":20771,"date":"2026-03-12T14:07:00","date_gmt":"2026-03-12T17:07:00","guid":{"rendered":"https:\/\/diariodepernambuco.audiencelabs.com.br\/?p=20771"},"modified":"2026-03-11T15:44:18","modified_gmt":"2026-03-11T18:44:18","slug":"carros-de-luxo-ficam-mais-baratos-e-imposto-despenca-na-argentina","status":"publish","type":"post","link":"https:\/\/diariodepernambuco.audiencelabs.com.br\/carros-de-luxo-ficam-mais-baratos-e-imposto-despenca-na-argentina\/","title":{"rendered":"Carros de luxo ficam mais baratos e imposto despenca na Argentina"},"content":{"rendered":"\n<p>Uma mudan\u00e7a recente na legisla\u00e7\u00e3o est\u00e1 provocando uma verdadeira reviravolta no mercado automotivo da Argentina. O governo decidiu eliminar o chamado \u201cimposto do luxo\u201d, tributo que incidia sobre ve\u00edculos de alto valor e que elevava significativamente o pre\u00e7o de carros premium vendidos no pa\u00eds. A medida j\u00e1 come\u00e7a a refletir diretamente nas concession\u00e1rias.<\/p>\n\n\n\n<p>Esse imposto tinha uma al\u00edquota nominal de cerca de 18%, mas, com a incid\u00eancia de outros tributos, a carga total chegava a aproximadamente 21,95% sobre o valor dos ve\u00edculos. Na pr\u00e1tica, isso inflava os pre\u00e7os de carros mais caros e dificultava as vendas no setor. A retirada da taxa faz parte de uma tentativa de reorganizar o mercado e estimular a economia automotiva do pa\u00eds.<\/p>\n\n\n\n<p>Os efeitos j\u00e1 s\u00e3o vis\u00edveis em modelos de alto padr\u00e3o. O esportivo Porsche 911 Turbo S, por exemplo, teve redu\u00e7\u00e3o de at\u00e9 US$ 128 mil ap\u00f3s a mudan\u00e7a nas regras tribut\u00e1rias. J\u00e1 o Ford Mustang Dark Horse tamb\u00e9m ficou mais barato no pa\u00eds vizinho, passando a custar cerca de US$ 75 mil, valor significativamente menor do que antes da reforma.<\/p>\n\n\n\n<p>Outras montadoras tamb\u00e9m come\u00e7aram a ajustar suas tabelas de pre\u00e7os. Marcas como Audi, Mercedes\u2011Benz e Toyota j\u00e1 anunciaram cortes em alguns modelos, com redu\u00e7\u00f5es m\u00e9dias pr\u00f3ximas de 15%. A expectativa do setor \u00e9 que a queda nos pre\u00e7os ajude a reaquecer as vendas e traga mais previsibilidade para a ind\u00fastria automotiva argentina nos pr\u00f3ximos meses.<\/p>\n\n\n\n<h2 class=\"wp-block-heading\">Medida busca estimular mercado automotivo<\/h2>\n\n\n\n<p>A decis\u00e3o do governo da Argentina faz parte de um pacote de medidas voltadas \u00e0 recupera\u00e7\u00e3o da economia e ao est\u00edmulo do setor automotivo. Com a redu\u00e7\u00e3o da carga tribut\u00e1ria, autoridades esperam tornar o mercado mais competitivo e incentivar tanto a venda de ve\u00edculos novos quanto a presen\u00e7a de marcas internacionais no pa\u00eds.<\/p>\n\n\n\n<p>Especialistas do setor apontam que a queda nos pre\u00e7os pode beneficiar diretamente montadoras de luxo como Porsche, Audi e Mercedes\u2011Benz, que tinham parte de seus modelos impactados pelo antigo imposto. A expectativa \u00e9 que a mudan\u00e7a aumente a oferta de carros premium e ajude a movimentar concession\u00e1rias e importadores no mercado argentino.<\/p>\n\n\n\n<p><\/p>\n","protected":false},"excerpt":{"rendered":"<p>Uma mudan\u00e7a recente na legisla\u00e7\u00e3o est\u00e1 provocando uma verdadeira reviravolta no mercado automotivo da Argentina. O governo decidiu eliminar o chamado \u201cimposto do luxo\u201d, tributo que incidia sobre ve\u00edculos de alto valor e que elevava significativamente o pre\u00e7o de carros premium vendidos no pa\u00eds. A medida j\u00e1 come\u00e7a a refletir diretamente nas concession\u00e1rias. Esse imposto [&hellip;]<\/p>\n","protected":false},"author":4,"featured_media":20773,"comment_status":"open","ping_status":"open","sticky":false,"template":"","format":"standard","meta":{"jnews-multi-image_gallery":[],"jnews_single_post":{"format":"standard"},"jnews_primary_category":[],"jnews_social_meta":[],"jnews_post_split":[],"footnotes":""},"categories":[1],"tags":[],"class_list":["post-20771","post","type-post","status-publish","format-standard","has-post-thumbnail","hentry","category-uncategorized"],"_links":{"self":[{"href":"https:\/\/diariodepernambuco.audiencelabs.com.br\/wp-json\/wp\/v2\/posts\/20771","targetHints":{"allow":["GET"]}}],"collection":[{"href":"https:\/\/diariodepernambuco.audiencelabs.com.br\/wp-json\/wp\/v2\/posts"}],"about":[{"href":"https:\/\/diariodepernambuco.audiencelabs.com.br\/wp-json\/wp\/v2\/types\/post"}],"author":[{"embeddable":true,"href":"https:\/\/diariodepernambuco.audiencelabs.com.br\/wp-json\/wp\/v2\/users\/4"}],"replies":[{"embeddable":true,"href":"https:\/\/diariodepernambuco.audiencelabs.com.br\/wp-json\/wp\/v2\/comments?post=20771"}],"version-history":[{"count":3,"href":"https:\/\/diariodepernambuco.audiencelabs.com.br\/wp-json\/wp\/v2\/posts\/20771\/revisions"}],"predecessor-version":[{"id":20775,"href":"https:\/\/diariodepernambuco.audiencelabs.com.br\/wp-json\/wp\/v2\/posts\/20771\/revisions\/20775"}],"wp:featuredmedia":[{"embeddable":true,"href":"https:\/\/diariodepernambuco.audiencelabs.com.br\/wp-json\/wp\/v2\/media\/20773"}],"wp:attachment":[{"href":"https:\/\/diariodepernambuco.audiencelabs.com.br\/wp-json\/wp\/v2\/media?parent=20771"}],"wp:term":[{"taxonomy":"category","embeddable":true,"href":"https:\/\/diariodepernambuco.audiencelabs.com.br\/wp-json\/wp\/v2\/categories?post=20771"},{"taxonomy":"post_tag","embeddable":true,"href":"https:\/\/diariodepernambuco.audiencelabs.com.br\/wp-json\/wp\/v2\/tags?post=20771"}],"curies":[{"name":"wp","href":"https:\/\/api.w.org\/{rel}","templated":true}]}}