{"id":20926,"date":"2026-03-12T17:00:00","date_gmt":"2026-03-12T20:00:00","guid":{"rendered":"https:\/\/diariodepernambuco.audiencelabs.com.br\/?p=20926"},"modified":"2026-03-12T15:57:45","modified_gmt":"2026-03-12T18:57:45","slug":"cidade-brasileira-vai-enfrentar-chuva-todos-os-dias-ate-o-final-de-2026","status":"publish","type":"post","link":"https:\/\/diariodepernambuco.audiencelabs.com.br\/cidade-brasileira-vai-enfrentar-chuva-todos-os-dias-ate-o-final-de-2026\/","title":{"rendered":"Cidade brasileira vai enfrentar chuva &#8220;todos os dias&#8221; at\u00e9 o final de 2026"},"content":{"rendered":"\n<p>A fama de que existe uma cidade brasileira onde \u201cchove todos os dias\u201d n\u00e3o \u00e9 totalmente exagero. Esse t\u00edtulo costuma ser atribu\u00eddo a Bel\u00e9m, capital do Par\u00e1, conhecida por registrar um dos maiores volumes de chuva do pa\u00eds. O padr\u00e3o clim\u00e1tico da regi\u00e3o faz com que pancadas de chuva sejam extremamente frequentes ao longo do ano, algo que j\u00e1 se repete h\u00e1 d\u00e9cadas e deve continuar acontecendo em 2026.<\/p>\n\n\n\n<p>A cidade chega a registrar cerca de 3.200 mil\u00edmetros de chuva por ano, um n\u00famero muito acima da m\u00e9dia de muitas capitais brasileiras. Esse volume elevado explica por que a popula\u00e7\u00e3o local j\u00e1 se acostumou a sair de casa preparada para mudan\u00e7as r\u00e1pidas no tempo, com guarda-chuva sempre por perto.<\/p>\n\n\n\n<p>Apesar da fama de que chove \u201ctodos os dias\u201d, a realidade \u00e9 um pouco diferente. O que acontece \u00e9 uma grande concentra\u00e7\u00e3o de chuvas em determinados per\u00edodos do ano, especialmente entre janeiro e junho, quando ocorre cerca de tr\u00eas quartos de toda a precipita\u00e7\u00e3o anual. Entre fevereiro e abril, por exemplo, h\u00e1 registros de chuva em quase todos os dias do m\u00eas.<\/p>\n\n\n\n<p>A explica\u00e7\u00e3o para esse fen\u00f4meno est\u00e1 na localiza\u00e7\u00e3o geogr\u00e1fica da cidade, pr\u00f3xima \u00e0 linha do Equador. A regi\u00e3o recebe forte influ\u00eancia da umidade vinda do Oceano Atl\u00e2ntico e da chamada Zona de Converg\u00eancia Intertropical, sistema clim\u00e1tico que favorece a forma\u00e7\u00e3o constante de nuvens carregadas.<\/p>\n\n\n\n<h2 class=\"wp-block-heading\">Clima \u00famido faz parte da rotina da cidade<\/h2>\n\n\n\n<p>Localizada no Norte do Brasil, a cidade de Bel\u00e9m possui um clima equatorial marcado por temperaturas altas e muita umidade durante praticamente todo o ano. Esse tipo de clima favorece a forma\u00e7\u00e3o frequente de nuvens carregadas, o que explica por que as pancadas de chuva fazem parte do cotidiano dos moradores.<\/p>\n\n\n\n<p>Mesmo assim, as chuvas costumam ser r\u00e1pidas em muitos momentos do dia e n\u00e3o impedem a rotina da popula\u00e7\u00e3o. Em v\u00e1rias ocasi\u00f5es, o sol volta a aparecer poucas horas depois, algo bastante comum em cidades da regi\u00e3o amaz\u00f4nica como Bel\u00e9m.<\/p>\n\n\n\n<p><\/p>\n","protected":false},"excerpt":{"rendered":"<p>A fama de que existe uma cidade brasileira onde \u201cchove todos os dias\u201d n\u00e3o \u00e9 totalmente exagero. Esse t\u00edtulo costuma ser atribu\u00eddo a Bel\u00e9m, capital do Par\u00e1, conhecida por registrar um dos maiores volumes de chuva do pa\u00eds. O padr\u00e3o clim\u00e1tico da regi\u00e3o faz com que pancadas de chuva sejam extremamente frequentes ao longo do [&hellip;]<\/p>\n","protected":false},"author":4,"featured_media":20928,"comment_status":"open","ping_status":"open","sticky":false,"template":"","format":"standard","meta":{"jnews-multi-image_gallery":[],"jnews_single_post":{"format":"standard"},"jnews_primary_category":[],"jnews_social_meta":[],"jnews_post_split":[],"footnotes":""},"categories":[1],"tags":[],"class_list":["post-20926","post","type-post","status-publish","format-standard","has-post-thumbnail","hentry","category-uncategorized"],"_links":{"self":[{"href":"https:\/\/diariodepernambuco.audiencelabs.com.br\/wp-json\/wp\/v2\/posts\/20926","targetHints":{"allow":["GET"]}}],"collection":[{"href":"https:\/\/diariodepernambuco.audiencelabs.com.br\/wp-json\/wp\/v2\/posts"}],"about":[{"href":"https:\/\/diariodepernambuco.audiencelabs.com.br\/wp-json\/wp\/v2\/types\/post"}],"author":[{"embeddable":true,"href":"https:\/\/diariodepernambuco.audiencelabs.com.br\/wp-json\/wp\/v2\/users\/4"}],"replies":[{"embeddable":true,"href":"https:\/\/diariodepernambuco.audiencelabs.com.br\/wp-json\/wp\/v2\/comments?post=20926"}],"version-history":[{"count":3,"href":"https:\/\/diariodepernambuco.audiencelabs.com.br\/wp-json\/wp\/v2\/posts\/20926\/revisions"}],"predecessor-version":[{"id":20930,"href":"https:\/\/diariodepernambuco.audiencelabs.com.br\/wp-json\/wp\/v2\/posts\/20926\/revisions\/20930"}],"wp:featuredmedia":[{"embeddable":true,"href":"https:\/\/diariodepernambuco.audiencelabs.com.br\/wp-json\/wp\/v2\/media\/20928"}],"wp:attachment":[{"href":"https:\/\/diariodepernambuco.audiencelabs.com.br\/wp-json\/wp\/v2\/media?parent=20926"}],"wp:term":[{"taxonomy":"category","embeddable":true,"href":"https:\/\/diariodepernambuco.audiencelabs.com.br\/wp-json\/wp\/v2\/categories?post=20926"},{"taxonomy":"post_tag","embeddable":true,"href":"https:\/\/diariodepernambuco.audiencelabs.com.br\/wp-json\/wp\/v2\/tags?post=20926"}],"curies":[{"name":"wp","href":"https:\/\/api.w.org\/{rel}","templated":true}]}}