{"id":20993,"date":"2026-03-13T12:30:00","date_gmt":"2026-03-13T15:30:00","guid":{"rendered":"https:\/\/diariodepernambuco.audiencelabs.com.br\/?p=20993"},"modified":"2026-03-13T16:25:04","modified_gmt":"2026-03-13T19:25:04","slug":"lei-aprovada-estabelece-limite-total-de-passageiros-nos-carros-podendo-gerar-multa-gravissima","status":"publish","type":"post","link":"https:\/\/diariodepernambuco.audiencelabs.com.br\/lei-aprovada-estabelece-limite-total-de-passageiros-nos-carros-podendo-gerar-multa-gravissima\/","title":{"rendered":"Lei aprovada estabelece limite total de passageiros nos carros podendo gerar multa grav\u00edssima"},"content":{"rendered":"\n<p>A Lei N\u00ba 9.503\/1997, que instituiu o C\u00f3digo de Tr\u00e2nsito Brasileiro (CTB), define o limite de passageiros que um ve\u00edculo pode transportar. Ultrapassar a capacidade m\u00e1xima estabelecida pelo fabricante \u00e9 considerado infra\u00e7\u00e3o grav\u00edssima, com multa de R$ 293,47 e sete pontos na Carteira Nacional de Habilita\u00e7\u00e3o (CNH).<\/p>\n\n\n\n<p>O limite de ocupantes \u00e9 determinado pelo pr\u00f3prio ve\u00edculo e aparece no documento oficial, como o Certificado de Registro do Ve\u00edculo (CRV). Na maioria dos carros de passeio, por exemplo, a capacidade costuma ser de cinco pessoas, contando o motorista. A regra vale para todos os ocupantes, incluindo adultos e crian\u00e7as.<\/p>\n\n\n\n<p>A legisla\u00e7\u00e3o tamb\u00e9m se aplica a outros tipos de ve\u00edculos. No caso das motocicletas, por exemplo, transportar mais de um passageiro ou levar algu\u00e9m sem assento apropriado tamb\u00e9m \u00e9 considerado infra\u00e7\u00e3o. J\u00e1 em ve\u00edculos de carga, transportar pessoas na carroceria sem as condi\u00e7\u00f5es adequadas de seguran\u00e7a \u00e9 proibido pelo CTB.<\/p>\n\n\n\n<p>Al\u00e9m da multa e da pontua\u00e7\u00e3o na CNH, o ve\u00edculo pode ser retido pelas autoridades at\u00e9 que a situa\u00e7\u00e3o seja regularizada. Existem raras exce\u00e7\u00f5es, como em casos de emerg\u00eancia envolvendo pessoas feridas, mas essas situa\u00e7\u00f5es precisam ser justificadas. Por isso, respeitar o limite de passageiros continua sendo uma das regras b\u00e1sicas para garantir seguran\u00e7a no tr\u00e2nsito.<\/p>\n\n\n<style>@media (min-width: 992px) {\n    .recomendadorV2Area1 {\n        width: 280px;\n    }\n    .recomendadorV2Area2 {\n        padding: 0px 20px;\n        width: calc(100% - 280px);\n    }\n}\n\n@media (max-width: 992px) {\n    .recomendadorV2Button {\n        margin: 0 auto;\n    }\n    .recomendadorV2Area {\n        flex-direction: column;\n        text-align: center;\n    }\n    .recomendadorV2Area2 {\n        padding: 0px 20px;\n    }\n}\n\n.recomendadorV2Area {\n    background: #eeeeee3d;\n    border-radius: 10px;\n    padding: 15px;\n    display: flex;\n    margin: 15px auto;\n    border: 1px solid #00000014;\n    max-width: 800px;\n}\n\n.recomendadorV2Area1 img {\n    width: 280px;\n    height: auto;\n    border-radius: 8px;\n}\n\n.linkrecomendadorv2 {\n    text-decoration: none !important;\n}\n\n.recomendadorV2Area2 .recomendadorV2Type {\n    text-transform: uppercase;\n    font-weight: 500;\n    font-size: 11px;\n    letter-spacing: 2px;\n    color: #666;\n    margin: 12px 0;\n    display: block;\n}\n\n.recomendadorV2Title h2 {\n    padding-top: 0px !important;\n    margin: 0px !important;\n    border-left: none !important;\n    padding-left: 0px !important;\n    line-height: 1.3;\n    color: #000 !important;\n    font-size: 24px;\n    margin-bottom: 12px !important;\n}\n\n.recomendadorV2Desc {\n    color: #333;\n    margin: 12px 0px !important;\n    font-size: 15px;\n    line-height: 1.5;\n}\n\n.recomendadorV2Button {\n    width: auto;\n    max-width: 200px;\n    margin: 0;\n    display: inline-flex;\n    align-items: center;\n    background: #1D3557;\n    border-radius: 8px;\n    color: #fff;\n    height: 36px;\n    justify-content: center;\n    text-align: center;\n    font-size: 14px;\n    padding: 0 20px;\n    transition: background-color 0.2s ease;\n}\n\n.recomendadorV2Button:hover {\n    background: #2a4d7a;\n}\n\n.recomendadorV2Button:after {\n    margin-top: -2px;\n    content: \"\u2192\";\n    padding: 0px 0px 0px 8px;\n}\n\n.recomendadorV2Alert {\n    text-align: left;\n    font-size: 11px;\n    margin-top: 8px;\n    color: #666;\n}\n\n.recomendadorFixedArea {\n    width: 100%;\n    display: flex;\n    justify-content: center;\n    align-items: center;\n}\n\n@media (min-width: 992px) {\n    #recomendadorFixed {\n        width: 32% !important;\n        left: 5%;\n    }\n    .recomendadorCloseFixed{\n        right: inherit !important;\n        left: 378px !important;\n    }\n}\n\n#recomendadorFixed {\n    width: 90%;\n    box-shadow: 0 10px 20px 0px #00000057;\n    display: none;\n    height: 90px;\n    background: #F6F6F6;\n    position: fixed;\n    flex-direction: row;\n    bottom: 10px;\n    z-index: 9999;\n    border-radius: 16px;\n    padding: 7px 10px;\n}\n\n.recomendadorLeftArea {\n    width: 160px;\n}\n\n.recomendadorRightArea h2 {\n    padding-top: 0px;\n    margin: 2px 0px 4px 0px !important;\n    font-weight: 400;\n    text-align: center;\n    padding-left: 0px !important;\n    color: #000 !important;\n    border-left: none !important;\n    line-height: 20px;\n    font-size: 12px !important;\n}\n\n.recomendadorImgFixed {\n    overflow: hidden;\n    padding: 8px 6px;\n    height: 100%;\n}\n\n.recomendadorImgFixed img {\n    height: 100% !important;\n    border-radius: 16px;\n}\n\n.recomendadorRightArea {\n    padding-top: 6px;\n    display: flex;\n    width: calc(100% - 130px);\n    justify-content: space-between;\n    align-items: center;\n    flex-direction: column;\n}\n\n.recomendadorButtonFixed {\n    margin: 0 auto;\n    background: #1D3557;\n    width: 80%;\n    text-align: center;\n    font-size: 10px;\n    color: #FFF;\n    padding: 2px 10px;\n    border-radius: 3px;\n}\n\n.recomendadorButtonFixed:after {\n    margin-top: -3px;\n    content: \"\u2192\";\n    padding: 0px 0px 0px 10px;\n}\n\n.recomendadorAlertFixed {\n    font-weight: 400;\n    text-align: center;\n    color: #484848;\n    font-size: 8px;\n}\n\n.recomendadorCloseFixed {\n    z-index: 99999;\n    display: none;\n    right: 0px;\n    left: inherit;\n    bottom: 99px;\n    position: fixed;\n    justify-content: center;\n    background: #F6F6F6;\n    width: 25px;\n    align-items: center;\n    height: 25px;\n    font-weight: 800;\n    border-radius: 50%;\n    border: 1px solid #EBEBEB;\n}\n\n.recomendadorV2Desc{\n    color: #000000;\n    margin: 20px 0px;\n}\n\n@media (max-width: 576px) {\n    .recomendadorV2Area {\n      padding: 10px;\n      max-width: 100%;\n    }\n  \n    .recomendadorV2Area1 img {\n      width: 100%;\n      border-radius: 6px;\n    }\n  \n    .recomendadorV2Area2 .recomendadorV2Type {\n      font-size: 9px;\n      letter-spacing: 1px;\n      margin: 8px 0;\n    }\n  \n    .recomendadorV2Title h2 {\n      font-size: 18px !important;\n      margin-bottom: 8px !important;\n      line-height: 1.2;\n    }\n  \n    .recomendadorV2Desc {\n      font-size: 14px;\n      margin: 8px 0 !important;\n      line-height: 1.4;\n    }\n  \n    .recomendadorV2Button {\n      font-size: 12px;\n      height: 30px;\n      padding: 0 12px;\n      max-width: 160px;\n    }\n  \n    .recomendadorV2Button:after {\n      padding-left: 6px;\n    }\n  }\n  <\/style>\n        <div class=\"lazyblock-recomendador-v2-2jDGz wp-block-lazyblock-recomendador-v2\">\n        <a class=\"linkrecomendadorv2\" href=\"https:\/\/diariodepernambuco.com.br\/dpmais\/velocidade-maxima-nas-estradas-do-brasil-foi-alterada-e-lei-entrou-em-vigor\/?utm_source=lazy\" target=\"_blank\" rel=\"noopener\">\n            <div class=\"recomendadorV2Area\">\n            <div class=\"recomendadorV2Area1\">\n                <div class=\"recomendadorV2Img\">\n                <img class=\"lazyloaded\" decoding=\"async\" src=\"https:\/\/diariodepernambuco.com.br\/dpmais\/wp-content\/uploads\/2025\/12\/Velocidade-1.jpg\" data-src=\"https:\/\/diariodepernambuco.com.br\/dpmais\/wp-content\/uploads\/2025\/12\/Velocidade-1.jpg\" alt=\"\">\n                <\/div>\n            <\/div>\n            <div class=\"recomendadorV2Area2\">\n                <div class=\"recomendadorV2Type\">\n                    <span>Nova regra<\/span>\n                <\/div>\n                <div class=\"recomendadorV2Title\">\n                <h2><span>Velocidade mudou \ud83d\ude97<\/span><\/h2>\n                <\/div>\n                <div class=\"recomendadorV2Desc\">\n                <span>Lei altera limite nas estradas<\/span>\n                <\/div>\n                <div class=\"recomendadorV2Button\">Veja os limites<\/div>\n                <div class=\"recomendadorV2Alert\"><\/div>\n            <\/div>\n            <\/div>\n        <\/a>\n        <div>\n            <div style=\"z-index:99999;\" id=\"buttonClose\" onclick=\"closeRecomendadorFixed()\">\n            <div class=\"recomendadorCloseFixed\">X<\/div>\n            <\/div>\n            <a href=\"https:\/\/diariodepernambuco.com.br\/dpmais\/velocidade-maxima-nas-estradas-do-brasil-foi-alterada-e-lei-entrou-em-vigor\/?utm_source=lazy\" target=\"_blank\" rel=\"noopener\">\n            <div class=\"recomendadorFixedArea\">\n                <div id=\"recomendadorFixed\">\n                <div class=\"recomendadorLeftArea\">\n                    <div class=\"recomendadorImgFixed\">\n                    <img class=\"lazyload\" decoding=\"async\" src=\"https:\/\/diariodepernambuco.com.br\/dpmais\/wp-content\/uploads\/2025\/12\/Velocidade-1.jpg\" alt=\"\">\n                    <\/div>\n                <\/div>\n                <div class=\"recomendadorRightArea\">\n                    <div class=\"recomendadorTitleFixed\">\n                    <h2><span>Velocidade mudou \ud83d\ude97<\/span><\/h2>\n                    <\/div>\n                    <div class=\"recomendadorButtonFixed\">Veja os limites<\/div>\n                    <div class=\"recomendadorAlertFixed\"><\/div>\n                <\/div>\n                <\/div>\n            <\/div>\n            <\/a>\n        <\/div>\n        <\/div>\n\n\n\n<h2 class=\"wp-block-heading\">Capacidade do ve\u00edculo deve sempre ser respeitada<\/h2>\n\n\n\n<p>O limite de passageiros \u00e9 definido pelo fabricante e aparece no documento do ve\u00edculo, como o Certificado de Registro do Ve\u00edculo (CRV). Em carros de passeio, por exemplo, o n\u00famero mais comum \u00e9 de cinco ocupantes, incluindo o motorista, e essa regra vale para todos, sejam adultos ou crian\u00e7as.<\/p>\n\n\n\n<p>Caso o motorista desrespeite essa determina\u00e7\u00e3o, al\u00e9m da multa e dos pontos na CNH, o ve\u00edculo pode ser retido at\u00e9 que a situa\u00e7\u00e3o seja regularizada. A medida busca garantir mais seguran\u00e7a no tr\u00e2nsito, j\u00e1 que o excesso de pessoas dentro do carro pode aumentar os riscos em caso de acidente.<\/p>\n","protected":false},"excerpt":{"rendered":"<p>A Lei N\u00ba 9.503\/1997, que instituiu o C\u00f3digo de Tr\u00e2nsito Brasileiro (CTB), define o limite de passageiros que um ve\u00edculo pode transportar. Ultrapassar a capacidade m\u00e1xima estabelecida pelo fabricante \u00e9 considerado infra\u00e7\u00e3o grav\u00edssima, com multa de R$ 293,47 e sete pontos na Carteira Nacional de Habilita\u00e7\u00e3o (CNH). O limite de ocupantes \u00e9 determinado pelo pr\u00f3prio [&hellip;]<\/p>\n","protected":false},"author":4,"featured_media":20995,"comment_status":"open","ping_status":"open","sticky":false,"template":"","format":"standard","meta":{"jnews-multi-image_gallery":[],"jnews_single_post":{"format":"standard"},"jnews_primary_category":[],"jnews_social_meta":[],"jnews_post_split":[],"footnotes":""},"categories":[1],"tags":[],"class_list":["post-20993","post","type-post","status-publish","format-standard","has-post-thumbnail","hentry","category-uncategorized"],"_links":{"self":[{"href":"https:\/\/diariodepernambuco.audiencelabs.com.br\/wp-json\/wp\/v2\/posts\/20993","targetHints":{"allow":["GET"]}}],"collection":[{"href":"https:\/\/diariodepernambuco.audiencelabs.com.br\/wp-json\/wp\/v2\/posts"}],"about":[{"href":"https:\/\/diariodepernambuco.audiencelabs.com.br\/wp-json\/wp\/v2\/types\/post"}],"author":[{"embeddable":true,"href":"https:\/\/diariodepernambuco.audiencelabs.com.br\/wp-json\/wp\/v2\/users\/4"}],"replies":[{"embeddable":true,"href":"https:\/\/diariodepernambuco.audiencelabs.com.br\/wp-json\/wp\/v2\/comments?post=20993"}],"version-history":[{"count":3,"href":"https:\/\/diariodepernambuco.audiencelabs.com.br\/wp-json\/wp\/v2\/posts\/20993\/revisions"}],"predecessor-version":[{"id":21054,"href":"https:\/\/diariodepernambuco.audiencelabs.com.br\/wp-json\/wp\/v2\/posts\/20993\/revisions\/21054"}],"wp:featuredmedia":[{"embeddable":true,"href":"https:\/\/diariodepernambuco.audiencelabs.com.br\/wp-json\/wp\/v2\/media\/20995"}],"wp:attachment":[{"href":"https:\/\/diariodepernambuco.audiencelabs.com.br\/wp-json\/wp\/v2\/media?parent=20993"}],"wp:term":[{"taxonomy":"category","embeddable":true,"href":"https:\/\/diariodepernambuco.audiencelabs.com.br\/wp-json\/wp\/v2\/categories?post=20993"},{"taxonomy":"post_tag","embeddable":true,"href":"https:\/\/diariodepernambuco.audiencelabs.com.br\/wp-json\/wp\/v2\/tags?post=20993"}],"curies":[{"name":"wp","href":"https:\/\/api.w.org\/{rel}","templated":true}]}}