{"id":21015,"date":"2026-03-13T17:00:00","date_gmt":"2026-03-13T20:00:00","guid":{"rendered":"https:\/\/diariodepernambuco.audiencelabs.com.br\/?p=21015"},"modified":"2026-03-13T11:58:51","modified_gmt":"2026-03-13T14:58:51","slug":"onibus-podem-ser-paralisados-nos-proximos-dias-e-transporte-pode-ser-suspenso-nesta-empresa","status":"publish","type":"post","link":"https:\/\/diariodepernambuco.audiencelabs.com.br\/onibus-podem-ser-paralisados-nos-proximos-dias-e-transporte-pode-ser-suspenso-nesta-empresa\/","title":{"rendered":"\u00d4nibus podem ser paralisados nos pr\u00f3ximos dias e transporte pode ser suspenso nesta empresa"},"content":{"rendered":"\n<p>Uma poss\u00edvel paralisa\u00e7\u00e3o de trabalhadores da empresa Sogil pode afetar o transporte coletivo de Gravata\u00ed, no Rio Grande do Sul, nos pr\u00f3ximos dias. O movimento foi comunicado pelo sindicato da categoria e pode atingir tanto o transporte urbano quanto parte do transporte escolar da cidade, gerando preocupa\u00e7\u00e3o entre moradores que dependem diariamente dos \u00f4nibus.<\/p>\n\n\n\n<p>Segundo informa\u00e7\u00f5es divulgadas pelo sindicato, cerca de 200 trabalhadores n\u00e3o receberam o vale-alimenta\u00e7\u00e3o que deveria ter sido pago no dia 10 de mar\u00e7o. A falta do benef\u00edcio teria motivado a decis\u00e3o de interromper as atividades, j\u00e1 que muitos funcion\u00e1rios afirmam depender do valor para garantir alimenta\u00e7\u00e3o durante a jornada de trabalho.<\/p>\n\n\n\n<p>Em nota, a empresa informou que tomou conhecimento da mobiliza\u00e7\u00e3o por meio do sindicato e que o movimento teria partido dos pr\u00f3prios trabalhadores. A companhia tamb\u00e9m declarou que ainda n\u00e3o \u00e9 poss\u00edvel confirmar a dura\u00e7\u00e3o ou o alcance da paralisa\u00e7\u00e3o, mas reconheceu que o servi\u00e7o de transporte pode ser impactado.<\/p>\n\n\n\n<p>A Prefeitura de Gravata\u00ed afirmou que acompanha a situa\u00e7\u00e3o e tenta garantir a circula\u00e7\u00e3o m\u00ednima de \u00f4nibus, conforme prev\u00ea a legisla\u00e7\u00e3o em casos de greve no transporte coletivo. Mesmo assim, usu\u00e1rios podem enfrentar atrasos, redu\u00e7\u00e3o de linhas e maior tempo de espera nas paradas caso a paralisa\u00e7\u00e3o seja confirmada.<\/p>\n\n\n\n<p>Diante do cen\u00e1rio, autoridades recomendam que passageiros se preparem para poss\u00edveis mudan\u00e7as no funcionamento do sistema nos pr\u00f3ximos dias. Caso o movimento avance, o transporte coletivo da cidade pode sofrer interrup\u00e7\u00f5es tempor\u00e1rias at\u00e9 que a situa\u00e7\u00e3o entre trabalhadores e empresa seja resolvida.<\/p>\n\n\n\n<h2 class=\"wp-block-heading\">Trabalhadores cobram pagamento de benef\u00edcio atrasado<\/h2>\n\n\n\n<p>A paralisa\u00e7\u00e3o foi motivada pelo atraso no pagamento do vale-alimenta\u00e7\u00e3o de cerca de 200 funcion\u00e1rios da Sogil. De acordo com o sindicato da categoria, o benef\u00edcio deveria ter sido depositado no dia 10 de mar\u00e7o, mas at\u00e9 o momento n\u00e3o havia sido repassado aos trabalhadores, o que gerou insatisfa\u00e7\u00e3o e levou \u00e0 mobiliza\u00e7\u00e3o.<\/p>\n\n\n\n<p>Caso o impasse n\u00e3o seja resolvido rapidamente, o transporte coletivo em Gravata\u00ed pode sofrer paralisa\u00e7\u00f5es e redu\u00e7\u00e3o na circula\u00e7\u00e3o de \u00f4nibus. A situa\u00e7\u00e3o preocupa moradores que dependem do servi\u00e7o diariamente para ir ao trabalho, \u00e0 escola e a outros compromissos pela cidade.<\/p>\n\n\n\n<p><\/p>\n","protected":false},"excerpt":{"rendered":"<p>Uma poss\u00edvel paralisa\u00e7\u00e3o de trabalhadores da empresa Sogil pode afetar o transporte coletivo de Gravata\u00ed, no Rio Grande do Sul, nos pr\u00f3ximos dias. O movimento foi comunicado pelo sindicato da categoria e pode atingir tanto o transporte urbano quanto parte do transporte escolar da cidade, gerando preocupa\u00e7\u00e3o entre moradores que dependem diariamente dos \u00f4nibus. Segundo [&hellip;]<\/p>\n","protected":false},"author":4,"featured_media":21017,"comment_status":"open","ping_status":"open","sticky":false,"template":"","format":"standard","meta":{"jnews-multi-image_gallery":[],"jnews_single_post":{"format":"standard"},"jnews_primary_category":[],"jnews_social_meta":[],"jnews_post_split":[],"footnotes":""},"categories":[1],"tags":[],"class_list":["post-21015","post","type-post","status-publish","format-standard","has-post-thumbnail","hentry","category-uncategorized"],"_links":{"self":[{"href":"https:\/\/diariodepernambuco.audiencelabs.com.br\/wp-json\/wp\/v2\/posts\/21015","targetHints":{"allow":["GET"]}}],"collection":[{"href":"https:\/\/diariodepernambuco.audiencelabs.com.br\/wp-json\/wp\/v2\/posts"}],"about":[{"href":"https:\/\/diariodepernambuco.audiencelabs.com.br\/wp-json\/wp\/v2\/types\/post"}],"author":[{"embeddable":true,"href":"https:\/\/diariodepernambuco.audiencelabs.com.br\/wp-json\/wp\/v2\/users\/4"}],"replies":[{"embeddable":true,"href":"https:\/\/diariodepernambuco.audiencelabs.com.br\/wp-json\/wp\/v2\/comments?post=21015"}],"version-history":[{"count":2,"href":"https:\/\/diariodepernambuco.audiencelabs.com.br\/wp-json\/wp\/v2\/posts\/21015\/revisions"}],"predecessor-version":[{"id":21018,"href":"https:\/\/diariodepernambuco.audiencelabs.com.br\/wp-json\/wp\/v2\/posts\/21015\/revisions\/21018"}],"wp:featuredmedia":[{"embeddable":true,"href":"https:\/\/diariodepernambuco.audiencelabs.com.br\/wp-json\/wp\/v2\/media\/21017"}],"wp:attachment":[{"href":"https:\/\/diariodepernambuco.audiencelabs.com.br\/wp-json\/wp\/v2\/media?parent=21015"}],"wp:term":[{"taxonomy":"category","embeddable":true,"href":"https:\/\/diariodepernambuco.audiencelabs.com.br\/wp-json\/wp\/v2\/categories?post=21015"},{"taxonomy":"post_tag","embeddable":true,"href":"https:\/\/diariodepernambuco.audiencelabs.com.br\/wp-json\/wp\/v2\/tags?post=21015"}],"curies":[{"name":"wp","href":"https:\/\/api.w.org\/{rel}","templated":true}]}}