{"id":21043,"date":"2026-03-16T13:00:00","date_gmt":"2026-03-16T16:00:00","guid":{"rendered":"https:\/\/diariodepernambuco.audiencelabs.com.br\/?p=21043"},"modified":"2026-03-13T13:56:50","modified_gmt":"2026-03-13T16:56:50","slug":"nova-lei-para-uber-e-demais-entregadores-esta-prestes-a-ser-votada","status":"publish","type":"post","link":"https:\/\/diariodepernambuco.audiencelabs.com.br\/nova-lei-para-uber-e-demais-entregadores-esta-prestes-a-ser-votada\/","title":{"rendered":"Nova lei para Uber e demais entregadores est\u00e1 prestes a ser votada"},"content":{"rendered":"\n<p>Uma nova lei que pode mudar as regras para motoristas e entregadores de aplicativos no Brasil est\u00e1 prestes a ser votada no Congresso Nacional. A proposta busca regulamentar o trabalho em plataformas digitais, como transporte e entregas por aplicativo, criando normas espec\u00edficas para milh\u00f5es de trabalhadores que atuam nesse setor.<\/p>\n\n\n\n<p>O projeto est\u00e1 sendo discutido na C\u00e2mara dos Deputados e a expectativa \u00e9 que a vota\u00e7\u00e3o aconte\u00e7a at\u00e9 o in\u00edcio de abril de 2026. O objetivo \u00e9 estabelecer uma legisla\u00e7\u00e3o que garanta mais seguran\u00e7a jur\u00eddica para trabalhadores e empresas, al\u00e9m de definir direitos e deveres para quem atua nessas plataformas.<\/p>\n\n\n\n<p>Entre os principais pontos debatidos est\u00e1 a cria\u00e7\u00e3o de regras que ampliem a prote\u00e7\u00e3o social para motoristas e entregadores. A proposta pretende melhorar as condi\u00e7\u00f5es de trabalho dessa categoria, que cresceu rapidamente nos \u00faltimos anos com o avan\u00e7o dos aplicativos de mobilidade e delivery.<\/p>\n\n\n\n<p>Apesar do avan\u00e7o das negocia\u00e7\u00f5es, ainda existem diverg\u00eancias entre representantes dos trabalhadores, empresas de tecnologia e parlamentares. Um dos desafios do projeto \u00e9 equilibrar a cria\u00e7\u00e3o de garantias para os profissionais sem gerar aumento significativo nos custos das plataformas ou das corridas para os usu\u00e1rios.<\/p>\n\n\n\n<h2 class=\"wp-block-heading\">Proposta busca mais direitos para trabalhadores de aplicativos<\/h2>\n\n\n\n<p>A discuss\u00e3o faz parte de um movimento mais amplo do governo para atualizar a legisla\u00e7\u00e3o trabalhista diante do crescimento do trabalho por aplicativos. A ideia \u00e9 criar regras que ofere\u00e7am mais prote\u00e7\u00e3o a motoristas e entregadores sem descaracterizar o modelo de trabalho aut\u00f4nomo.<\/p>\n\n\n\n<p>Nos bastidores do Congresso, parlamentares intensificaram reuni\u00f5es e negocia\u00e7\u00f5es ao longo do m\u00eas de mar\u00e7o para tentar chegar a um consenso antes da vota\u00e7\u00e3o. Caso seja aprovado, o projeto poder\u00e1 marcar um novo cap\u00edtulo na regulamenta\u00e7\u00e3o do trabalho digital no Brasil.<\/p>\n\n\n\n<p><\/p>\n","protected":false},"excerpt":{"rendered":"<p>Uma nova lei que pode mudar as regras para motoristas e entregadores de aplicativos no Brasil est\u00e1 prestes a ser votada no Congresso Nacional. A proposta busca regulamentar o trabalho em plataformas digitais, como transporte e entregas por aplicativo, criando normas espec\u00edficas para milh\u00f5es de trabalhadores que atuam nesse setor. O projeto est\u00e1 sendo discutido [&hellip;]<\/p>\n","protected":false},"author":4,"featured_media":11185,"comment_status":"open","ping_status":"open","sticky":false,"template":"","format":"standard","meta":{"jnews-multi-image_gallery":[],"jnews_single_post":{"format":"standard"},"jnews_primary_category":[],"jnews_social_meta":[],"jnews_post_split":[],"footnotes":""},"categories":[1],"tags":[],"class_list":["post-21043","post","type-post","status-publish","format-standard","has-post-thumbnail","hentry","category-uncategorized"],"_links":{"self":[{"href":"https:\/\/diariodepernambuco.audiencelabs.com.br\/wp-json\/wp\/v2\/posts\/21043","targetHints":{"allow":["GET"]}}],"collection":[{"href":"https:\/\/diariodepernambuco.audiencelabs.com.br\/wp-json\/wp\/v2\/posts"}],"about":[{"href":"https:\/\/diariodepernambuco.audiencelabs.com.br\/wp-json\/wp\/v2\/types\/post"}],"author":[{"embeddable":true,"href":"https:\/\/diariodepernambuco.audiencelabs.com.br\/wp-json\/wp\/v2\/users\/4"}],"replies":[{"embeddable":true,"href":"https:\/\/diariodepernambuco.audiencelabs.com.br\/wp-json\/wp\/v2\/comments?post=21043"}],"version-history":[{"count":2,"href":"https:\/\/diariodepernambuco.audiencelabs.com.br\/wp-json\/wp\/v2\/posts\/21043\/revisions"}],"predecessor-version":[{"id":21045,"href":"https:\/\/diariodepernambuco.audiencelabs.com.br\/wp-json\/wp\/v2\/posts\/21043\/revisions\/21045"}],"wp:featuredmedia":[{"embeddable":true,"href":"https:\/\/diariodepernambuco.audiencelabs.com.br\/wp-json\/wp\/v2\/media\/11185"}],"wp:attachment":[{"href":"https:\/\/diariodepernambuco.audiencelabs.com.br\/wp-json\/wp\/v2\/media?parent=21043"}],"wp:term":[{"taxonomy":"category","embeddable":true,"href":"https:\/\/diariodepernambuco.audiencelabs.com.br\/wp-json\/wp\/v2\/categories?post=21043"},{"taxonomy":"post_tag","embeddable":true,"href":"https:\/\/diariodepernambuco.audiencelabs.com.br\/wp-json\/wp\/v2\/tags?post=21043"}],"curies":[{"name":"wp","href":"https:\/\/api.w.org\/{rel}","templated":true}]}}