{"id":21067,"date":"2026-03-13T18:00:00","date_gmt":"2026-03-13T21:00:00","guid":{"rendered":"https:\/\/diariodepernambuco.audiencelabs.com.br\/?p=21067"},"modified":"2026-03-13T18:09:41","modified_gmt":"2026-03-13T21:09:41","slug":"lei-aprovada-determina-que-homossexualidade-e-crime-com-pena-de-ate-10-anos-de-prisao-neste-pais-do-continente-africano","status":"publish","type":"post","link":"https:\/\/diariodepernambuco.audiencelabs.com.br\/lei-aprovada-determina-que-homossexualidade-e-crime-com-pena-de-ate-10-anos-de-prisao-neste-pais-do-continente-africano\/","title":{"rendered":"Lei aprovada determina que homossexualidade \u00e9 crime com pena de at\u00e9 10 anos de pris\u00e3o em Senegal"},"content":{"rendered":"\n<p>O Parlamento do Senegal aprovou um novo projeto de lei que aumenta as puni\u00e7\u00f5es para atos sexuais entre pessoas do mesmo sexo. A proposta determina que a pr\u00e1tica pode ser punida com at\u00e9 10 anos de pris\u00e3o, al\u00e9m de multas que podem chegar a 10 milh\u00f5es de francos CFA. A vota\u00e7\u00e3o ocorreu com 135 votos favor\u00e1veis, nenhum contr\u00e1rio e tr\u00eas absten\u00e7\u00f5es.<\/p>\n\n\n\n<p>A nova legisla\u00e7\u00e3o foi aprovada durante o governo do presidente Bassirou Diomaye Faye, eleito em 2024, e do primeiro-ministro Ousmane Sonko. A mudan\u00e7a faz parte de uma promessa de campanha e amplia as puni\u00e7\u00f5es j\u00e1 previstas no C\u00f3digo Penal do pa\u00eds.<\/p>\n\n\n\n<p>Antes da altera\u00e7\u00e3o, a lei senegalesa j\u00e1 criminalizava os chamados \u201catos contra a natureza\u201d, com penas de at\u00e9 cinco anos de pris\u00e3o e multas menores. No entanto, parlamentares que defenderam a proposta argumentaram que o texto antigo, que existe desde 1966, era considerado vago e pouco rigoroso.<\/p>\n\n\n\n<p>A nova vers\u00e3o determina que ju\u00edzes n\u00e3o poder\u00e3o suspender ou reduzir as penas abaixo do m\u00ednimo estabelecido. Al\u00e9m disso, pessoas consideradas respons\u00e1veis por promover ou financiar essas pr\u00e1ticas tamb\u00e9m podem ser condenadas \u00e0 pris\u00e3o. Nas semanas que antecederam a vota\u00e7\u00e3o, manifesta\u00e7\u00f5es foram realizadas na capital Dakar em apoio \u00e0 aprova\u00e7\u00e3o da medida.<\/p>\n\n\n\n<h2 class=\"wp-block-heading\">Regi\u00e3o registra aumento de leis contra popula\u00e7\u00e3o LGBTQIA+<\/h2>\n\n\n\n<p>A nova legisla\u00e7\u00e3o aprovada no Senegal faz parte de um movimento mais amplo observado em alguns pa\u00edses africanos. Nos \u00faltimos anos, diferentes governos da regi\u00e3o passaram a discutir ou aprovar normas mais r\u00edgidas relacionadas \u00e0 criminaliza\u00e7\u00e3o de rela\u00e7\u00f5es entre pessoas do mesmo sexo.<\/p>\n\n\n\n<p>No ano passado, Burkina Faso aprovou uma lei que criminaliza pela primeira vez as rela\u00e7\u00f5es sexuais entre pessoas do mesmo sexo, com penas que podem chegar a cinco anos de pris\u00e3o. J\u00e1 em Gana, parlamentares analisam um projeto que pretende aumentar a puni\u00e7\u00e3o para esses casos e tamb\u00e9m criar san\u00e7\u00f5es para quem promover ou apoiar atividades ligadas \u00e0 comunidade LGBTQIA+.<\/p>\n\n\n\n<p><\/p>\n","protected":false},"excerpt":{"rendered":"<p>O Parlamento do Senegal aprovou um novo projeto de lei que aumenta as puni\u00e7\u00f5es para atos sexuais entre pessoas do mesmo sexo. A proposta determina que a pr\u00e1tica pode ser punida com at\u00e9 10 anos de pris\u00e3o, al\u00e9m de multas que podem chegar a 10 milh\u00f5es de francos CFA. A vota\u00e7\u00e3o ocorreu com 135 votos [&hellip;]<\/p>\n","protected":false},"author":4,"featured_media":21070,"comment_status":"open","ping_status":"open","sticky":false,"template":"","format":"standard","meta":{"jnews-multi-image_gallery":[],"jnews_single_post":{"format":"standard"},"jnews_primary_category":[],"jnews_social_meta":[],"jnews_post_split":[],"footnotes":""},"categories":[1],"tags":[],"class_list":["post-21067","post","type-post","status-publish","format-standard","has-post-thumbnail","hentry","category-uncategorized"],"_links":{"self":[{"href":"https:\/\/diariodepernambuco.audiencelabs.com.br\/wp-json\/wp\/v2\/posts\/21067","targetHints":{"allow":["GET"]}}],"collection":[{"href":"https:\/\/diariodepernambuco.audiencelabs.com.br\/wp-json\/wp\/v2\/posts"}],"about":[{"href":"https:\/\/diariodepernambuco.audiencelabs.com.br\/wp-json\/wp\/v2\/types\/post"}],"author":[{"embeddable":true,"href":"https:\/\/diariodepernambuco.audiencelabs.com.br\/wp-json\/wp\/v2\/users\/4"}],"replies":[{"embeddable":true,"href":"https:\/\/diariodepernambuco.audiencelabs.com.br\/wp-json\/wp\/v2\/comments?post=21067"}],"version-history":[{"count":3,"href":"https:\/\/diariodepernambuco.audiencelabs.com.br\/wp-json\/wp\/v2\/posts\/21067\/revisions"}],"predecessor-version":[{"id":21087,"href":"https:\/\/diariodepernambuco.audiencelabs.com.br\/wp-json\/wp\/v2\/posts\/21067\/revisions\/21087"}],"wp:featuredmedia":[{"embeddable":true,"href":"https:\/\/diariodepernambuco.audiencelabs.com.br\/wp-json\/wp\/v2\/media\/21070"}],"wp:attachment":[{"href":"https:\/\/diariodepernambuco.audiencelabs.com.br\/wp-json\/wp\/v2\/media?parent=21067"}],"wp:term":[{"taxonomy":"category","embeddable":true,"href":"https:\/\/diariodepernambuco.audiencelabs.com.br\/wp-json\/wp\/v2\/categories?post=21067"},{"taxonomy":"post_tag","embeddable":true,"href":"https:\/\/diariodepernambuco.audiencelabs.com.br\/wp-json\/wp\/v2\/tags?post=21067"}],"curies":[{"name":"wp","href":"https:\/\/api.w.org\/{rel}","templated":true}]}}