{"id":21102,"date":"2026-04-03T05:45:00","date_gmt":"2026-04-03T08:45:00","guid":{"rendered":"https:\/\/diariodepernambuco.audiencelabs.com.br\/?p=21102"},"modified":"2026-03-14T03:18:18","modified_gmt":"2026-03-14T06:18:18","slug":"salario-minimo-surpreendeu-a-todos-e-subiu-confira-novo-valor","status":"publish","type":"post","link":"https:\/\/diariodepernambuco.audiencelabs.com.br\/salario-minimo-surpreendeu-a-todos-e-subiu-confira-novo-valor\/","title":{"rendered":"Sal\u00e1rio m\u00ednimo surpreendeu a todos e subiu: confira novo valor"},"content":{"rendered":"\n<p>O in\u00edcio de 2026 trouxe uma mudan\u00e7a importante para milh\u00f5es de trabalhadores no pa\u00eds. O sal\u00e1rio m\u00ednimo nacional foi reajustado e passou a ter um novo valor oficial de <strong>R$ 1.621<\/strong>. O aumento representa <strong>R$ 103 a mais<\/strong> em compara\u00e7\u00e3o com o valor anterior, que era de <strong>R$ 1.518<\/strong>.<\/p>\n\n\n\n<p>Embora pare\u00e7a um reajuste simples, qualquer altera\u00e7\u00e3o no valor tem impacto amplo, j\u00e1 que ele serve de base para diversos pagamentos e benef\u00edcios.<\/p>\n\n\n\n<h2 class=\"wp-block-heading\">Como o reajuste \u00e9 calculado<\/h2>\n\n\n\n<p>Para definir o valor do sal\u00e1rio m\u00ednimo, o c\u00e1lculo normalmente leva em conta indicadores econ\u00f4micos que ajudam a medir a situa\u00e7\u00e3o do pa\u00eds.<\/p>\n\n\n\n<p>Entre os mais considerados est\u00e3o:<\/p>\n\n\n\n<ul class=\"wp-block-list\">\n<li>A infla\u00e7\u00e3o que afeta o custo de vida;<\/li>\n\n\n\n<li>O desempenho da economia em anos anteriores;<\/li>\n\n\n\n<li>Regras fiscais que limitam o crescimento das despesas p\u00fablicas.<\/li>\n<\/ul>\n\n\n\n<p>Esses elementos ajudam o governo a definir um valor que tente equilibrar aumento de renda para a popula\u00e7\u00e3o e responsabilidade nas contas p\u00fablicas.<\/p>\n\n\n\n<h2 class=\"wp-block-heading\">Quem sente o impacto no bolso<\/h2>\n\n\n\n<p>O sal\u00e1rio m\u00ednimo n\u00e3o afeta apenas quem trabalha recebendo exatamente esse valor. Na pr\u00e1tica, milh\u00f5es de pessoas t\u00eam rendimentos ligados direta ou indiretamente ao piso nacional.<\/p>\n\n\n\n<p>Entre os principais grupos impactados est\u00e3o:<\/p>\n\n\n\n<ul class=\"wp-block-list\">\n<li>Trabalhadores com carteira assinada que recebem o m\u00ednimo;<\/li>\n\n\n\n<li>Aposentados e pensionistas;<\/li>\n\n\n\n<li>Benefici\u00e1rios de programas sociais;<\/li>\n\n\n\n<li>Pessoas que recebem benef\u00edcios vinculados \u00e0 previd\u00eancia.<\/li>\n<\/ul>\n\n\n\n<h2 class=\"wp-block-heading\">Por que o valor final gerou surpresa<\/h2>\n\n\n\n<p>Durante as discuss\u00f5es sobre o or\u00e7amento, algumas proje\u00e7\u00f5es indicavam que o sal\u00e1rio m\u00ednimo poderia ultrapassar a faixa de <strong>R$ 1.630<\/strong>. No entanto, mudan\u00e7as nos \u00edndices de infla\u00e7\u00e3o ao longo do per\u00edodo de c\u00e1lculo influenciaram o resultado final.<\/p>\n\n\n\n<p>Com isso, o valor oficial acabou ficando um pouco abaixo de algumas expectativas divulgadas anteriormente.<\/p>\n\n\n\n<h2 class=\"wp-block-heading\">O que esperar para os pr\u00f3ximos anos<\/h2>\n\n\n\n<p>A tend\u00eancia \u00e9 que o sal\u00e1rio m\u00ednimo continue recebendo reajustes anuais. Por\u00e9m, o tamanho desses aumentos depender\u00e1 do comportamento da economia, especialmente da infla\u00e7\u00e3o e do crescimento econ\u00f4mico.<\/p>\n","protected":false},"excerpt":{"rendered":"<p>O in\u00edcio de 2026 trouxe uma mudan\u00e7a importante para milh\u00f5es de trabalhadores no pa\u00eds. O sal\u00e1rio m\u00ednimo nacional foi reajustado e passou a ter um novo valor oficial de R$ 1.621. O aumento representa R$ 103 a mais em compara\u00e7\u00e3o com o valor anterior, que era de R$ 1.518. Embora pare\u00e7a um reajuste simples, qualquer [&hellip;]<\/p>\n","protected":false},"author":17,"featured_media":19959,"comment_status":"open","ping_status":"open","sticky":false,"template":"","format":"standard","meta":{"jnews-multi-image_gallery":[],"jnews_single_post":{"format":"standard"},"jnews_primary_category":[],"jnews_social_meta":[],"jnews_post_split":[],"footnotes":""},"categories":[1],"tags":[],"class_list":["post-21102","post","type-post","status-publish","format-standard","has-post-thumbnail","hentry","category-uncategorized"],"_links":{"self":[{"href":"https:\/\/diariodepernambuco.audiencelabs.com.br\/wp-json\/wp\/v2\/posts\/21102","targetHints":{"allow":["GET"]}}],"collection":[{"href":"https:\/\/diariodepernambuco.audiencelabs.com.br\/wp-json\/wp\/v2\/posts"}],"about":[{"href":"https:\/\/diariodepernambuco.audiencelabs.com.br\/wp-json\/wp\/v2\/types\/post"}],"author":[{"embeddable":true,"href":"https:\/\/diariodepernambuco.audiencelabs.com.br\/wp-json\/wp\/v2\/users\/17"}],"replies":[{"embeddable":true,"href":"https:\/\/diariodepernambuco.audiencelabs.com.br\/wp-json\/wp\/v2\/comments?post=21102"}],"version-history":[{"count":3,"href":"https:\/\/diariodepernambuco.audiencelabs.com.br\/wp-json\/wp\/v2\/posts\/21102\/revisions"}],"predecessor-version":[{"id":21106,"href":"https:\/\/diariodepernambuco.audiencelabs.com.br\/wp-json\/wp\/v2\/posts\/21102\/revisions\/21106"}],"wp:featuredmedia":[{"embeddable":true,"href":"https:\/\/diariodepernambuco.audiencelabs.com.br\/wp-json\/wp\/v2\/media\/19959"}],"wp:attachment":[{"href":"https:\/\/diariodepernambuco.audiencelabs.com.br\/wp-json\/wp\/v2\/media?parent=21102"}],"wp:term":[{"taxonomy":"category","embeddable":true,"href":"https:\/\/diariodepernambuco.audiencelabs.com.br\/wp-json\/wp\/v2\/categories?post=21102"},{"taxonomy":"post_tag","embeddable":true,"href":"https:\/\/diariodepernambuco.audiencelabs.com.br\/wp-json\/wp\/v2\/tags?post=21102"}],"curies":[{"name":"wp","href":"https:\/\/api.w.org\/{rel}","templated":true}]}}