{"id":21129,"date":"2026-03-16T10:30:00","date_gmt":"2026-03-16T13:30:00","guid":{"rendered":"https:\/\/diariodepernambuco.audiencelabs.com.br\/?p=21129"},"modified":"2026-03-16T09:57:31","modified_gmt":"2026-03-16T12:57:31","slug":"bolsa-familia-vai-pagar-r-150-extra-no-mes-de-marco-para-esses-brasileiros","status":"publish","type":"post","link":"https:\/\/diariodepernambuco.audiencelabs.com.br\/bolsa-familia-vai-pagar-r-150-extra-no-mes-de-marco-para-esses-brasileiros\/","title":{"rendered":"Bolsa Fam\u00edlia vai pagar R$ 150 extra no m\u00eas de mar\u00e7o para esses brasileiros"},"content":{"rendered":"\n<p>Benefici\u00e1rios do Bolsa Fam\u00edlia podem receber um valor adicional de R$ 150 no pagamento referente ao m\u00eas de mar\u00e7o. O extra faz parte do chamado Benef\u00edcio Primeira Inf\u00e2ncia, criado dentro da reformula\u00e7\u00e3o do programa social e destinado a fam\u00edlias que possuem crian\u00e7as pequenas cadastradas no sistema do governo federal.<\/p>\n\n\n\n<p>Na pr\u00e1tica, o valor extra \u00e9 pago para cada crian\u00e7a de at\u00e9 seis anos incompletos que esteja registrada no Cadastro \u00danico da fam\u00edlia. Assim, o benef\u00edcio pode aumentar significativamente o valor recebido mensalmente, j\u00e1 que cada crian\u00e7a nessa faixa et\u00e1ria garante um acr\u00e9scimo de R$ 150 ao pagamento do programa.<\/p>\n\n\n\n<p>O adicional pode ser acumulado caso a fam\u00edlia tenha mais de uma crian\u00e7a pequena. Isso significa que, por exemplo, fam\u00edlias com duas crian\u00e7as nessa idade podem receber R$ 300 extras no m\u00eas, al\u00e9m do valor m\u00ednimo de R$ 600 garantido pelo programa social.<\/p>\n\n\n\n<p>Para garantir o pagamento do benef\u00edcio extra, o governo exige que algumas regras sejam cumpridas. Entre elas est\u00e3o a atualiza\u00e7\u00e3o do Cadastro \u00danico, a carteira de vacina\u00e7\u00e3o das crian\u00e7as em dia e o acompanhamento de sa\u00fade e educa\u00e7\u00e3o previsto pelo programa. Caso essas condi\u00e7\u00f5es n\u00e3o sejam atendidas, o valor adicional pode ser suspenso.<\/p>\n\n\n\n<h2 class=\"wp-block-heading\">Calend\u00e1rio do Bolsa Fam\u00edlia em mar\u00e7o<\/h2>\n\n\n\n<p>O pagamento do Bolsa Fam\u00edlia referente ao m\u00eas de mar\u00e7o come\u00e7a no dia 18 e segue at\u00e9 o dia 31, conforme o n\u00famero final do NIS (N\u00famero de Identifica\u00e7\u00e3o Social) do benefici\u00e1rio. Como acontece tradicionalmente, os dep\u00f3sitos s\u00e3o feitos de forma escalonada para evitar filas e organizar o pagamento em todo o pa\u00eds.<\/p>\n\n\n\n<p>Os primeiros a receber s\u00e3o os benefici\u00e1rios com NIS final 1, no dia 18 de mar\u00e7o. Depois disso, os pagamentos seguem em ordem crescente at\u00e9 o NIS final 0, que recebe no dia 31. Os valores s\u00e3o depositados diretamente na conta do benefici\u00e1rio e podem ser movimentados pelo aplicativo Caixa Tem ou sacados em ag\u00eancias, lot\u00e9ricas e correspondentes banc\u00e1rios.<\/p>\n\n\n\n<p><\/p>\n","protected":false},"excerpt":{"rendered":"<p>Benefici\u00e1rios do Bolsa Fam\u00edlia podem receber um valor adicional de R$ 150 no pagamento referente ao m\u00eas de mar\u00e7o. O extra faz parte do chamado Benef\u00edcio Primeira Inf\u00e2ncia, criado dentro da reformula\u00e7\u00e3o do programa social e destinado a fam\u00edlias que possuem crian\u00e7as pequenas cadastradas no sistema do governo federal. Na pr\u00e1tica, o valor extra \u00e9 [&hellip;]<\/p>\n","protected":false},"author":4,"featured_media":1672,"comment_status":"open","ping_status":"open","sticky":false,"template":"","format":"standard","meta":{"jnews-multi-image_gallery":[],"jnews_single_post":{"format":"standard"},"jnews_primary_category":[],"jnews_social_meta":[],"jnews_post_split":[],"footnotes":""},"categories":[1],"tags":[],"class_list":["post-21129","post","type-post","status-publish","format-standard","has-post-thumbnail","hentry","category-uncategorized"],"_links":{"self":[{"href":"https:\/\/diariodepernambuco.audiencelabs.com.br\/wp-json\/wp\/v2\/posts\/21129","targetHints":{"allow":["GET"]}}],"collection":[{"href":"https:\/\/diariodepernambuco.audiencelabs.com.br\/wp-json\/wp\/v2\/posts"}],"about":[{"href":"https:\/\/diariodepernambuco.audiencelabs.com.br\/wp-json\/wp\/v2\/types\/post"}],"author":[{"embeddable":true,"href":"https:\/\/diariodepernambuco.audiencelabs.com.br\/wp-json\/wp\/v2\/users\/4"}],"replies":[{"embeddable":true,"href":"https:\/\/diariodepernambuco.audiencelabs.com.br\/wp-json\/wp\/v2\/comments?post=21129"}],"version-history":[{"count":2,"href":"https:\/\/diariodepernambuco.audiencelabs.com.br\/wp-json\/wp\/v2\/posts\/21129\/revisions"}],"predecessor-version":[{"id":21132,"href":"https:\/\/diariodepernambuco.audiencelabs.com.br\/wp-json\/wp\/v2\/posts\/21129\/revisions\/21132"}],"wp:featuredmedia":[{"embeddable":true,"href":"https:\/\/diariodepernambuco.audiencelabs.com.br\/wp-json\/wp\/v2\/media\/1672"}],"wp:attachment":[{"href":"https:\/\/diariodepernambuco.audiencelabs.com.br\/wp-json\/wp\/v2\/media?parent=21129"}],"wp:term":[{"taxonomy":"category","embeddable":true,"href":"https:\/\/diariodepernambuco.audiencelabs.com.br\/wp-json\/wp\/v2\/categories?post=21129"},{"taxonomy":"post_tag","embeddable":true,"href":"https:\/\/diariodepernambuco.audiencelabs.com.br\/wp-json\/wp\/v2\/tags?post=21129"}],"curies":[{"name":"wp","href":"https:\/\/api.w.org\/{rel}","templated":true}]}}