{"id":21612,"date":"2026-03-19T10:58:22","date_gmt":"2026-03-19T13:58:22","guid":{"rendered":"https:\/\/diariodepernambuco.audiencelabs.com.br\/?p=21612"},"modified":"2026-03-19T11:28:19","modified_gmt":"2026-03-19T14:28:19","slug":"morte-de-trump-por-homem-que-ele-considera-seu-amigo-proximo-foi-revelado-por-vidente","status":"publish","type":"post","link":"https:\/\/diariodepernambuco.audiencelabs.com.br\/morte-de-trump-por-homem-que-ele-considera-seu-amigo-proximo-foi-revelado-por-vidente\/","title":{"rendered":"Morte de Trump por homem que ele considera seu amigo pr\u00f3ximo foi revelado por vidente"},"content":{"rendered":"\n<p>Durante participa\u00e7\u00e3o no programa Chupim, da R\u00e1dio Metropolitana, a sensitiva Chaline Grazik fez declara\u00e7\u00f5es que ganharam repercuss\u00e3o. Conforme publicado pelo site TV Foco, suas vis\u00f5es apontam para um per\u00edodo turbulento, envolvendo tanto conflitos globais quanto acontecimentos ligados a Donald Trump.<\/p>\n\n\n\n<h2 class=\"wp-block-heading\">Poss\u00edvel morte de Trump?<\/h2>\n\n\n\n<p>O ponto mais chocante da revela\u00e7\u00e3o de Chaline foi que Trump seria morto por algu\u00e9m pr\u00f3ximo. Em suas palavras, o respons\u00e1vel seria &#8220;um homem que ele considera amigo ou que foi amigo dele no passado&#8221;.<\/p>\n\n\n\n<p>A vidente refor\u00e7ou que a amea\u00e7a n\u00e3o viria de inimigos declarados, mas de dentro, o que torna a situa\u00e7\u00e3o ainda mais inesperada.<\/p>\n\n\n\n<h2 class=\"wp-block-heading\">Guerra mundial<\/h2>\n\n\n\n<p>Al\u00e9m da previs\u00e3o envolvendo Trump, Chaline tamb\u00e9m foi enf\u00e1tica ao falar sobre um cen\u00e1rio global de conflito. Segundo ela, &#8220;2026 ser\u00e1 o ano da guerra&#8221;, indicando que tens\u00f5es entre na\u00e7\u00f5es podem atingir um ponto cr\u00edtico.<\/p>\n\n\n\n<p>A sensitiva sugeriu que esse poss\u00edvel conflito n\u00e3o seria algo isolado, mas sim um evento de grande escala, com impactos prolongados.<\/p>\n\n\n\n<h2 class=\"wp-block-heading\">Informa\u00e7\u00e3o e cren\u00e7a<\/h2>\n\n\n\n<p>\u00c9 importante destacar que essas previs\u00f5es pertencem ao campo espiritual e n\u00e3o possuem comprova\u00e7\u00e3o factual. De acordo com o site TV Foco, tratam-se de interpreta\u00e7\u00f5es baseadas na sensibilidade da vidente.<\/p>\n","protected":false},"excerpt":{"rendered":"<p>Durante participa\u00e7\u00e3o no programa Chupim, da R\u00e1dio Metropolitana, a sensitiva Chaline Grazik fez declara\u00e7\u00f5es que ganharam repercuss\u00e3o. Conforme publicado pelo site TV Foco, suas vis\u00f5es apontam para um per\u00edodo turbulento, envolvendo tanto conflitos globais quanto acontecimentos ligados a Donald Trump. Poss\u00edvel morte de Trump? O ponto mais chocante da revela\u00e7\u00e3o de Chaline foi que Trump [&hellip;]<\/p>\n","protected":false},"author":17,"featured_media":16855,"comment_status":"open","ping_status":"open","sticky":false,"template":"","format":"standard","meta":{"jnews-multi-image_gallery":[],"jnews_single_post":{"format":"standard"},"jnews_primary_category":[],"jnews_social_meta":[],"jnews_post_split":[],"footnotes":""},"categories":[1],"tags":[],"class_list":["post-21612","post","type-post","status-publish","format-standard","has-post-thumbnail","hentry","category-uncategorized"],"_links":{"self":[{"href":"https:\/\/diariodepernambuco.audiencelabs.com.br\/wp-json\/wp\/v2\/posts\/21612","targetHints":{"allow":["GET"]}}],"collection":[{"href":"https:\/\/diariodepernambuco.audiencelabs.com.br\/wp-json\/wp\/v2\/posts"}],"about":[{"href":"https:\/\/diariodepernambuco.audiencelabs.com.br\/wp-json\/wp\/v2\/types\/post"}],"author":[{"embeddable":true,"href":"https:\/\/diariodepernambuco.audiencelabs.com.br\/wp-json\/wp\/v2\/users\/17"}],"replies":[{"embeddable":true,"href":"https:\/\/diariodepernambuco.audiencelabs.com.br\/wp-json\/wp\/v2\/comments?post=21612"}],"version-history":[{"count":1,"href":"https:\/\/diariodepernambuco.audiencelabs.com.br\/wp-json\/wp\/v2\/posts\/21612\/revisions"}],"predecessor-version":[{"id":21618,"href":"https:\/\/diariodepernambuco.audiencelabs.com.br\/wp-json\/wp\/v2\/posts\/21612\/revisions\/21618"}],"wp:featuredmedia":[{"embeddable":true,"href":"https:\/\/diariodepernambuco.audiencelabs.com.br\/wp-json\/wp\/v2\/media\/16855"}],"wp:attachment":[{"href":"https:\/\/diariodepernambuco.audiencelabs.com.br\/wp-json\/wp\/v2\/media?parent=21612"}],"wp:term":[{"taxonomy":"category","embeddable":true,"href":"https:\/\/diariodepernambuco.audiencelabs.com.br\/wp-json\/wp\/v2\/categories?post=21612"},{"taxonomy":"post_tag","embeddable":true,"href":"https:\/\/diariodepernambuco.audiencelabs.com.br\/wp-json\/wp\/v2\/tags?post=21612"}],"curies":[{"name":"wp","href":"https:\/\/api.w.org\/{rel}","templated":true}]}}