{"id":21639,"date":"2026-04-03T12:00:00","date_gmt":"2026-04-03T15:00:00","guid":{"rendered":"https:\/\/diariodepernambuco.audiencelabs.com.br\/?p=21639"},"modified":"2026-03-19T11:38:52","modified_gmt":"2026-03-19T14:38:52","slug":"300-dias-de-sol-terra-da-luz-e-o-destino-perfeito-para-quem-ama-calor","status":"publish","type":"post","link":"https:\/\/diariodepernambuco.audiencelabs.com.br\/300-dias-de-sol-terra-da-luz-e-o-destino-perfeito-para-quem-ama-calor\/","title":{"rendered":"300 dias de sol: Terra da Luz \u00e9 o destino perfeito para quem ama calor"},"content":{"rendered":"\n<p>A cidade de Fortaleza, conhecida como \u201cTerra da Luz\u201d, vem se consolidando como um dos destinos mais procurados por quem busca calor praticamente o ano inteiro. Com mais de 300 dias de sol, a capital cearense oferece clima est\u00e1vel e convidativo para turistas que querem fugir do frio e aproveitar o litoral em qualquer \u00e9poca.<\/p>\n\n\n\n<p>Al\u00e9m do clima privilegiado, a cidade conta com cerca de 34 km de orla, reunindo praias urbanas, infraestrutura tur\u00edstica e paisagens que combinam mar, dunas e coqueiros. Esse conjunto faz com que Fortaleza se destaque n\u00e3o apenas no Brasil, mas tamb\u00e9m internacionalmente como um dos principais destinos de sol e praia.<\/p>\n\n\n\n<p>A hist\u00f3ria tamb\u00e9m contribui para o charme do destino. O apelido \u201cTerra da Luz\u201d tem origem no pioneirismo do Cear\u00e1 na aboli\u00e7\u00e3o da escravid\u00e3o, ainda no s\u00e9culo XIX, o que refor\u00e7a o valor cultural da regi\u00e3o. Hoje, essa heran\u00e7a se mistura com uma vida urbana vibrante, marcada por gastronomia rica, m\u00fasica e atra\u00e7\u00f5es culturais espalhadas pela cidade.<\/p>\n\n\n\n<p>Combinando clima quente, belas paisagens e uma forte identidade cultural, Fortaleza se mant\u00e9m como uma escolha certeira para quem busca descanso ou lazer com temperaturas elevadas. A cidade oferece experi\u00eancias que v\u00e3o al\u00e9m das praias, tornando-se um destino completo para diferentes perfis de viajantes.<\/p>\n\n\n\n<h2 class=\"wp-block-heading\">Clima constante e atra\u00e7\u00f5es variadas impulsionam turismo<\/h2>\n\n\n\n<p>O clima de Fortaleza \u00e9 um dos principais atrativos, com temperaturas m\u00e9dias elevadas ao longo de todo o ano e per\u00edodos secos que garantem dias consecutivos de sol, especialmente entre julho e dezembro. Esse cen\u00e1rio favorece atividades ao ar livre, como passeios de buggy, esportes aqu\u00e1ticos e caminhadas pela orla.<\/p>\n\n\n\n<p>Al\u00e9m disso, a cidade se destaca pela diversidade de experi\u00eancias. De praias paradis\u00edacas a centros culturais e vida noturna agitada, o destino atende tanto quem busca tranquilidade quanto quem prefere agito. Essa combina\u00e7\u00e3o tem colocado a capital cearense entre os lugares mais desejados do pa\u00eds para viagens em 2026.<\/p>\n\n\n\n<p><\/p>\n","protected":false},"excerpt":{"rendered":"<p>A cidade de Fortaleza, conhecida como \u201cTerra da Luz\u201d, vem se consolidando como um dos destinos mais procurados por quem busca calor praticamente o ano inteiro. Com mais de 300 dias de sol, a capital cearense oferece clima est\u00e1vel e convidativo para turistas que querem fugir do frio e aproveitar o litoral em qualquer \u00e9poca. [&hellip;]<\/p>\n","protected":false},"author":4,"featured_media":21643,"comment_status":"open","ping_status":"open","sticky":false,"template":"","format":"standard","meta":{"jnews-multi-image_gallery":[],"jnews_single_post":{"format":"standard"},"jnews_primary_category":[],"jnews_social_meta":[],"jnews_post_split":[],"footnotes":""},"categories":[1],"tags":[],"class_list":["post-21639","post","type-post","status-publish","format-standard","has-post-thumbnail","hentry","category-uncategorized"],"_links":{"self":[{"href":"https:\/\/diariodepernambuco.audiencelabs.com.br\/wp-json\/wp\/v2\/posts\/21639","targetHints":{"allow":["GET"]}}],"collection":[{"href":"https:\/\/diariodepernambuco.audiencelabs.com.br\/wp-json\/wp\/v2\/posts"}],"about":[{"href":"https:\/\/diariodepernambuco.audiencelabs.com.br\/wp-json\/wp\/v2\/types\/post"}],"author":[{"embeddable":true,"href":"https:\/\/diariodepernambuco.audiencelabs.com.br\/wp-json\/wp\/v2\/users\/4"}],"replies":[{"embeddable":true,"href":"https:\/\/diariodepernambuco.audiencelabs.com.br\/wp-json\/wp\/v2\/comments?post=21639"}],"version-history":[{"count":2,"href":"https:\/\/diariodepernambuco.audiencelabs.com.br\/wp-json\/wp\/v2\/posts\/21639\/revisions"}],"predecessor-version":[{"id":21642,"href":"https:\/\/diariodepernambuco.audiencelabs.com.br\/wp-json\/wp\/v2\/posts\/21639\/revisions\/21642"}],"wp:featuredmedia":[{"embeddable":true,"href":"https:\/\/diariodepernambuco.audiencelabs.com.br\/wp-json\/wp\/v2\/media\/21643"}],"wp:attachment":[{"href":"https:\/\/diariodepernambuco.audiencelabs.com.br\/wp-json\/wp\/v2\/media?parent=21639"}],"wp:term":[{"taxonomy":"category","embeddable":true,"href":"https:\/\/diariodepernambuco.audiencelabs.com.br\/wp-json\/wp\/v2\/categories?post=21639"},{"taxonomy":"post_tag","embeddable":true,"href":"https:\/\/diariodepernambuco.audiencelabs.com.br\/wp-json\/wp\/v2\/tags?post=21639"}],"curies":[{"name":"wp","href":"https:\/\/api.w.org\/{rel}","templated":true}]}}