{"id":21771,"date":"2026-03-20T11:15:00","date_gmt":"2026-03-20T14:15:00","guid":{"rendered":"https:\/\/diariodepernambuco.audiencelabs.com.br\/?p=21771"},"modified":"2026-03-20T14:46:06","modified_gmt":"2026-03-20T17:46:06","slug":"enquanto-mulher-mais-rica-do-brasil-fatura-r-140-bilhoes-dono-da-havan-tem-patrimonio-assustador","status":"publish","type":"post","link":"https:\/\/diariodepernambuco.audiencelabs.com.br\/enquanto-mulher-mais-rica-do-brasil-fatura-r-140-bilhoes-dono-da-havan-tem-patrimonio-assustador\/","title":{"rendered":"Enquanto mulher mais rica do Brasil fatura R$ 140 bilh\u00f5es, dono da Havan tem patrim\u00f4nio assustador"},"content":{"rendered":"\n<p>A diferen\u00e7a entre as maiores fortunas do Brasil chama aten\u00e7\u00e3o e revela o tamanho da concentra\u00e7\u00e3o de riqueza no pa\u00eds. A empres\u00e1ria Vicky Safra, considerada a mulher mais rica do Brasil, possui um patrim\u00f4nio estimado em cerca de R$ 140 bilh\u00f5es, segundo rankings recentes da revista Forbes. Esse valor coloca a bilion\u00e1ria entre as pessoas mais ricas do mundo.<\/p>\n\n\n\n<h2 class=\"wp-block-heading\">Dono da Havan entre os bilion\u00e1rios brasileiros<\/h2>\n\n\n\n<p>Enquanto isso, o empres\u00e1rio Luciano Hang, fundador da Havan, tamb\u00e9m figura entre os bilion\u00e1rios brasileiros, mas com uma fortuna consideravelmente menor. Seu patrim\u00f4nio \u00e9 estimado entre cerca de R$ 12 bilh\u00f5es e R$ 17 bilh\u00f5es, dependendo da cota\u00e7\u00e3o e das varia\u00e7\u00f5es de mercado. Mesmo assim, o valor ainda \u00e9 considerado extremamente alto.<\/p>\n\n\n\n<p>A trajet\u00f3ria dos dois bilion\u00e1rios, no entanto, \u00e9 bastante diferente. Vicky Safra herdou e administra parte do imp\u00e9rio financeiro constru\u00eddo por seu marido, o banqueiro Joseph Safra, enquanto Luciano Hang construiu sua fortuna a partir do varejo, expandindo a Havan de uma pequena loja para uma das maiores redes de departamentos do Brasil.<\/p>\n\n\n\n<p>Apesar da grande dist\u00e2ncia entre os patrim\u00f4nios, ambos representam exemplos do poder econ\u00f4mico concentrado em diferentes setores da economia brasileira. Enquanto o setor banc\u00e1rio continua liderando o ranking de bilion\u00e1rios, o varejo tamb\u00e9m mostra for\u00e7a, especialmente com empresas que conseguem crescer em escala nacional.<\/p>\n\n\n<style>@media (min-width: 992px) {\n    .recomendadorV2Area1 {\n        width: 280px;\n    }\n    .recomendadorV2Area2 {\n        padding: 0px 20px;\n        width: calc(100% - 280px);\n    }\n}\n\n@media (max-width: 992px) {\n    .recomendadorV2Button {\n        margin: 0 auto;\n    }\n    .recomendadorV2Area {\n        flex-direction: column;\n        text-align: center;\n    }\n    .recomendadorV2Area2 {\n        padding: 0px 20px;\n    }\n}\n\n.recomendadorV2Area {\n    background: #eeeeee3d;\n    border-radius: 10px;\n    padding: 15px;\n    display: flex;\n    margin: 15px auto;\n    border: 1px solid #00000014;\n    max-width: 800px;\n}\n\n.recomendadorV2Area1 img {\n    width: 280px;\n    height: auto;\n    border-radius: 8px;\n}\n\n.linkrecomendadorv2 {\n    text-decoration: none !important;\n}\n\n.recomendadorV2Area2 .recomendadorV2Type {\n    text-transform: uppercase;\n    font-weight: 500;\n    font-size: 11px;\n    letter-spacing: 2px;\n    color: #666;\n    margin: 12px 0;\n    display: block;\n}\n\n.recomendadorV2Title h2 {\n    padding-top: 0px !important;\n    margin: 0px !important;\n    border-left: none !important;\n    padding-left: 0px !important;\n    line-height: 1.3;\n    color: #000 !important;\n    font-size: 24px;\n    margin-bottom: 12px !important;\n}\n\n.recomendadorV2Desc {\n    color: #333;\n    margin: 12px 0px !important;\n    font-size: 15px;\n    line-height: 1.5;\n}\n\n.recomendadorV2Button {\n    width: auto;\n    max-width: 200px;\n    margin: 0;\n    display: inline-flex;\n    align-items: center;\n    background: #1D3557;\n    border-radius: 8px;\n    color: #fff;\n    height: 36px;\n    justify-content: center;\n    text-align: center;\n    font-size: 14px;\n    padding: 0 20px;\n    transition: background-color 0.2s ease;\n}\n\n.recomendadorV2Button:hover {\n    background: #2a4d7a;\n}\n\n.recomendadorV2Button:after {\n    margin-top: -2px;\n    content: \"\u2192\";\n    padding: 0px 0px 0px 8px;\n}\n\n.recomendadorV2Alert {\n    text-align: left;\n    font-size: 11px;\n    margin-top: 8px;\n    color: #666;\n}\n\n.recomendadorFixedArea {\n    width: 100%;\n    display: flex;\n    justify-content: center;\n    align-items: center;\n}\n\n@media (min-width: 992px) {\n    #recomendadorFixed {\n        width: 32% !important;\n        left: 5%;\n    }\n    .recomendadorCloseFixed{\n        right: inherit !important;\n        left: 378px !important;\n    }\n}\n\n#recomendadorFixed {\n    width: 90%;\n    box-shadow: 0 10px 20px 0px #00000057;\n    display: none;\n    height: 90px;\n    background: #F6F6F6;\n    position: fixed;\n    flex-direction: row;\n    bottom: 10px;\n    z-index: 9999;\n    border-radius: 16px;\n    padding: 7px 10px;\n}\n\n.recomendadorLeftArea {\n    width: 160px;\n}\n\n.recomendadorRightArea h2 {\n    padding-top: 0px;\n    margin: 2px 0px 4px 0px !important;\n    font-weight: 400;\n    text-align: center;\n    padding-left: 0px !important;\n    color: #000 !important;\n    border-left: none !important;\n    line-height: 20px;\n    font-size: 12px !important;\n}\n\n.recomendadorImgFixed {\n    overflow: hidden;\n    padding: 8px 6px;\n    height: 100%;\n}\n\n.recomendadorImgFixed img {\n    height: 100% !important;\n    border-radius: 16px;\n}\n\n.recomendadorRightArea {\n    padding-top: 6px;\n    display: flex;\n    width: calc(100% - 130px);\n    justify-content: space-between;\n    align-items: center;\n    flex-direction: column;\n}\n\n.recomendadorButtonFixed {\n    margin: 0 auto;\n    background: #1D3557;\n    width: 80%;\n    text-align: center;\n    font-size: 10px;\n    color: #FFF;\n    padding: 2px 10px;\n    border-radius: 3px;\n}\n\n.recomendadorButtonFixed:after {\n    margin-top: -3px;\n    content: \"\u2192\";\n    padding: 0px 0px 0px 10px;\n}\n\n.recomendadorAlertFixed {\n    font-weight: 400;\n    text-align: center;\n    color: #484848;\n    font-size: 8px;\n}\n\n.recomendadorCloseFixed {\n    z-index: 99999;\n    display: none;\n    right: 0px;\n    left: inherit;\n    bottom: 99px;\n    position: fixed;\n    justify-content: center;\n    background: #F6F6F6;\n    width: 25px;\n    align-items: center;\n    height: 25px;\n    font-weight: 800;\n    border-radius: 50%;\n    border: 1px solid #EBEBEB;\n}\n\n.recomendadorV2Desc{\n    color: #000000;\n    margin: 20px 0px;\n}\n\n@media (max-width: 576px) {\n    .recomendadorV2Area {\n      padding: 10px;\n      max-width: 100%;\n    }\n  \n    .recomendadorV2Area1 img {\n      width: 100%;\n      border-radius: 6px;\n    }\n  \n    .recomendadorV2Area2 .recomendadorV2Type {\n      font-size: 9px;\n      letter-spacing: 1px;\n      margin: 8px 0;\n    }\n  \n    .recomendadorV2Title h2 {\n      font-size: 18px !important;\n      margin-bottom: 8px !important;\n      line-height: 1.2;\n    }\n  \n    .recomendadorV2Desc {\n      font-size: 14px;\n      margin: 8px 0 !important;\n      line-height: 1.4;\n    }\n  \n    .recomendadorV2Button {\n      font-size: 12px;\n      height: 30px;\n      padding: 0 12px;\n      max-width: 160px;\n    }\n  \n    .recomendadorV2Button:after {\n      padding-left: 6px;\n    }\n  }\n  <\/style>\n        <div class=\"lazyblock-recomendador-v2-2jDGz wp-block-lazyblock-recomendador-v2\">\n        <a class=\"linkrecomendadorv2\" href=\"https:\/\/diariodepernambuco.com.br\/dpmais\/maior-templo-evangelico-do-brasil-custou-r-680-milhoes-e-foi-fundado-por-dono-de-tv\/?utm_source=lazy\" target=\"_blank\" rel=\"noopener\">\n            <div class=\"recomendadorV2Area\">\n            <div class=\"recomendadorV2Area1\">\n                <div class=\"recomendadorV2Img\">\n                <img class=\"lazyloaded\" decoding=\"async\" src=\"https:\/\/diariodepernambuco.com.br\/dpmais\/wp-content\/uploads\/2026\/03\/Templo-de-Salomao-750x375.jpg\" data-src=\"https:\/\/diariodepernambuco.com.br\/dpmais\/wp-content\/uploads\/2026\/03\/Templo-de-Salomao-750x375.jpg\" alt=\"\">\n                <\/div>\n            <\/div>\n            <div class=\"recomendadorV2Area2\">\n                <div class=\"recomendadorV2Type\">\n                    <span>Templo gigante<\/span>\n                <\/div>\n                <div class=\"recomendadorV2Title\">\n                <h2><span>R$680 mi \u26ea<\/span><\/h2>\n                <\/div>\n                <div class=\"recomendadorV2Desc\">\n                <span>Maior igreja do Brasil impressiona<\/span>\n                <\/div>\n                <div class=\"recomendadorV2Button\">Veja detalhes<\/div>\n                <div class=\"recomendadorV2Alert\"><\/div>\n            <\/div>\n            <\/div>\n        <\/a>\n        <div>\n            <div style=\"z-index:99999;\" id=\"buttonClose\" onclick=\"closeRecomendadorFixed()\">\n            <div class=\"recomendadorCloseFixed\">X<\/div>\n            <\/div>\n            <a href=\"https:\/\/diariodepernambuco.com.br\/dpmais\/maior-templo-evangelico-do-brasil-custou-r-680-milhoes-e-foi-fundado-por-dono-de-tv\/?utm_source=lazy\" target=\"_blank\" rel=\"noopener\">\n            <div class=\"recomendadorFixedArea\">\n                <div id=\"recomendadorFixed\">\n                <div class=\"recomendadorLeftArea\">\n                    <div class=\"recomendadorImgFixed\">\n                    <img class=\"lazyload\" decoding=\"async\" src=\"https:\/\/diariodepernambuco.com.br\/dpmais\/wp-content\/uploads\/2026\/03\/Templo-de-Salomao-750x375.jpg\" alt=\"\">\n                    <\/div>\n                <\/div>\n                <div class=\"recomendadorRightArea\">\n                    <div class=\"recomendadorTitleFixed\">\n                    <h2><span>R$680 mi \u26ea<\/span><\/h2>\n                    <\/div>\n                    <div class=\"recomendadorButtonFixed\">Veja detalhes<\/div>\n                    <div class=\"recomendadorAlertFixed\"><\/div>\n                <\/div>\n                <\/div>\n            <\/div>\n            <\/a>\n        <\/div>\n        <\/div>\n\n\n\n<h2 class=\"wp-block-heading\">Fortunas bilion\u00e1rias revelam desigualdade e diversidade de setores<\/h2>\n\n\n\n<p>O ranking de bilion\u00e1rios da Forbes mostra que o Brasil possui dezenas de pessoas com patrim\u00f4nio superior a bilh\u00f5es de d\u00f3lares, distribu\u00eddas em \u00e1reas como finan\u00e7as, ind\u00fastria, tecnologia e varejo. Nos \u00faltimos anos, inclusive, aumentou o n\u00famero de mulheres entre os super-ricos, ainda que elas sejam minoria nesse grupo.<\/p>\n\n\n\n<p>Essas diferen\u00e7as gigantescas entre fortunas tamb\u00e9m evidenciam a desigualdade econ\u00f4mica no pa\u00eds. Enquanto alguns acumulam bilh\u00f5es, grande parte da popula\u00e7\u00e3o ainda enfrenta desafios financeiros no dia a dia, o que mant\u00e9m o debate sobre distribui\u00e7\u00e3o de renda e oportunidades em evid\u00eancia no cen\u00e1rio nacional.<\/p>\n\n\n\n<p><\/p>\n","protected":false},"excerpt":{"rendered":"<p>A diferen\u00e7a entre as maiores fortunas do Brasil chama aten\u00e7\u00e3o e revela o tamanho da concentra\u00e7\u00e3o de riqueza no pa\u00eds. A empres\u00e1ria Vicky Safra, considerada a mulher mais rica do Brasil, possui um patrim\u00f4nio estimado em cerca de R$ 140 bilh\u00f5es, segundo rankings recentes da revista Forbes. Esse valor coloca a bilion\u00e1ria entre as pessoas [&hellip;]<\/p>\n","protected":false},"author":4,"featured_media":15032,"comment_status":"open","ping_status":"open","sticky":false,"template":"","format":"standard","meta":{"jnews-multi-image_gallery":[],"jnews_single_post":{"format":"standard"},"jnews_primary_category":[],"jnews_social_meta":[],"jnews_post_split":[],"footnotes":""},"categories":[1],"tags":[],"class_list":["post-21771","post","type-post","status-publish","format-standard","has-post-thumbnail","hentry","category-uncategorized"],"_links":{"self":[{"href":"https:\/\/diariodepernambuco.audiencelabs.com.br\/wp-json\/wp\/v2\/posts\/21771","targetHints":{"allow":["GET"]}}],"collection":[{"href":"https:\/\/diariodepernambuco.audiencelabs.com.br\/wp-json\/wp\/v2\/posts"}],"about":[{"href":"https:\/\/diariodepernambuco.audiencelabs.com.br\/wp-json\/wp\/v2\/types\/post"}],"author":[{"embeddable":true,"href":"https:\/\/diariodepernambuco.audiencelabs.com.br\/wp-json\/wp\/v2\/users\/4"}],"replies":[{"embeddable":true,"href":"https:\/\/diariodepernambuco.audiencelabs.com.br\/wp-json\/wp\/v2\/comments?post=21771"}],"version-history":[{"count":5,"href":"https:\/\/diariodepernambuco.audiencelabs.com.br\/wp-json\/wp\/v2\/posts\/21771\/revisions"}],"predecessor-version":[{"id":21835,"href":"https:\/\/diariodepernambuco.audiencelabs.com.br\/wp-json\/wp\/v2\/posts\/21771\/revisions\/21835"}],"wp:featuredmedia":[{"embeddable":true,"href":"https:\/\/diariodepernambuco.audiencelabs.com.br\/wp-json\/wp\/v2\/media\/15032"}],"wp:attachment":[{"href":"https:\/\/diariodepernambuco.audiencelabs.com.br\/wp-json\/wp\/v2\/media?parent=21771"}],"wp:term":[{"taxonomy":"category","embeddable":true,"href":"https:\/\/diariodepernambuco.audiencelabs.com.br\/wp-json\/wp\/v2\/categories?post=21771"},{"taxonomy":"post_tag","embeddable":true,"href":"https:\/\/diariodepernambuco.audiencelabs.com.br\/wp-json\/wp\/v2\/tags?post=21771"}],"curies":[{"name":"wp","href":"https:\/\/api.w.org\/{rel}","templated":true}]}}