{"id":21950,"date":"2026-03-24T13:15:00","date_gmt":"2026-03-24T16:15:00","guid":{"rendered":"https:\/\/diariodepernambuco.audiencelabs.com.br\/?p=21950"},"modified":"2026-03-23T09:57:30","modified_gmt":"2026-03-23T12:57:30","slug":"ilha-do-caribe-fica-no-paraiso-mas-praia-nao-pode-ser-utilizada","status":"publish","type":"post","link":"https:\/\/diariodepernambuco.audiencelabs.com.br\/ilha-do-caribe-fica-no-paraiso-mas-praia-nao-pode-ser-utilizada\/","title":{"rendered":"Ilha do Caribe fica no para\u00edso, mas praia n\u00e3o pode ser utilizada"},"content":{"rendered":"\n<p>A Jamaica \u00e9 conhecida mundialmente por suas praias paradis\u00edacas, com areia branca e mar cristalino, cen\u00e1rio que atrai milh\u00f5es de turistas todos os anos. No entanto, por tr\u00e1s dessa imagem de cart\u00e3o-postal, existe uma realidade pouco conhecida: muitos moradores locais n\u00e3o t\u00eam acesso livre a essas mesmas praias que tornam a ilha t\u00e3o famosa.<\/p>\n\n\n\n<p>O problema est\u00e1 ligado a uma legisla\u00e7\u00e3o antiga, herdada do per\u00edodo colonial, que permite ao governo transferir \u00e1reas costeiras para a iniciativa privada. Com isso, grande parte do litoral passou a ser controlada por resorts de luxo e empreendimentos imobili\u00e1rios, restringindo o acesso apenas a h\u00f3spedes ou pessoas autorizadas.<\/p>\n\n\n\n<p>Em regi\u00f5es como a ba\u00eda de Mammee, no litoral norte, comunidades inteiras perderam o direito de frequentar \u00e1reas que utilizavam h\u00e1 gera\u00e7\u00f5es. Ap\u00f3s a venda de terrenos para constru\u00e7\u00e3o de resorts, muros e sistemas de seguran\u00e7a passaram a impedir a entrada de moradores, afetando diretamente pescadores e fam\u00edlias que dependiam do mar para sobreviver.<\/p>\n\n\n\n<p>Hoje, a situa\u00e7\u00e3o \u00e9 considerada cr\u00edtica: mais de 99% do litoral jamaicano est\u00e1 sob controle privado ou com acesso restrito. Isso significa que, mesmo vivendo em uma ilha cercada por belezas naturais, grande parte da popula\u00e7\u00e3o local precisa pagar ou simplesmente n\u00e3o consegue aproveitar as praias do pr\u00f3prio pa\u00eds.<\/p>\n\n\n\n<h2 class=\"wp-block-heading\">Privatiza\u00e7\u00e3o das praias gera revolta e debate na ilha<\/h2>\n\n\n\n<p>O avan\u00e7o da privatiza\u00e7\u00e3o do litoral tem gerado revolta entre moradores e movimentos sociais, que lutam para garantir o direito de acesso \u00e0s praias. Organiza\u00e7\u00f5es locais denunciam que a expans\u00e3o de resorts estrangeiros vem excluindo comunidades tradicionais e apagando pr\u00e1ticas culturais ligadas ao mar.<\/p>\n\n\n\n<p>Ao mesmo tempo, o governo enfrenta press\u00e3o para rever as leis que permitem esse tipo de concess\u00e3o. Especialistas apontam que o desafio \u00e9 equilibrar o crescimento do turismo \u2014 essencial para a economia \u2014 com o direito da popula\u00e7\u00e3o local de usufruir dos recursos naturais, evitando que o para\u00edso caribenho se torne inacess\u00edvel para quem sempre viveu ali.<\/p>\n\n\n\n<p><\/p>\n","protected":false},"excerpt":{"rendered":"<p>A Jamaica \u00e9 conhecida mundialmente por suas praias paradis\u00edacas, com areia branca e mar cristalino, cen\u00e1rio que atrai milh\u00f5es de turistas todos os anos. No entanto, por tr\u00e1s dessa imagem de cart\u00e3o-postal, existe uma realidade pouco conhecida: muitos moradores locais n\u00e3o t\u00eam acesso livre a essas mesmas praias que tornam a ilha t\u00e3o famosa. O [&hellip;]<\/p>\n","protected":false},"author":4,"featured_media":21954,"comment_status":"open","ping_status":"open","sticky":false,"template":"","format":"standard","meta":{"jnews-multi-image_gallery":[],"jnews_single_post":{"format":"standard"},"jnews_primary_category":[],"jnews_social_meta":[],"jnews_post_split":[],"footnotes":""},"categories":[1],"tags":[],"class_list":["post-21950","post","type-post","status-publish","format-standard","has-post-thumbnail","hentry","category-uncategorized"],"_links":{"self":[{"href":"https:\/\/diariodepernambuco.audiencelabs.com.br\/wp-json\/wp\/v2\/posts\/21950","targetHints":{"allow":["GET"]}}],"collection":[{"href":"https:\/\/diariodepernambuco.audiencelabs.com.br\/wp-json\/wp\/v2\/posts"}],"about":[{"href":"https:\/\/diariodepernambuco.audiencelabs.com.br\/wp-json\/wp\/v2\/types\/post"}],"author":[{"embeddable":true,"href":"https:\/\/diariodepernambuco.audiencelabs.com.br\/wp-json\/wp\/v2\/users\/4"}],"replies":[{"embeddable":true,"href":"https:\/\/diariodepernambuco.audiencelabs.com.br\/wp-json\/wp\/v2\/comments?post=21950"}],"version-history":[{"count":2,"href":"https:\/\/diariodepernambuco.audiencelabs.com.br\/wp-json\/wp\/v2\/posts\/21950\/revisions"}],"predecessor-version":[{"id":21953,"href":"https:\/\/diariodepernambuco.audiencelabs.com.br\/wp-json\/wp\/v2\/posts\/21950\/revisions\/21953"}],"wp:featuredmedia":[{"embeddable":true,"href":"https:\/\/diariodepernambuco.audiencelabs.com.br\/wp-json\/wp\/v2\/media\/21954"}],"wp:attachment":[{"href":"https:\/\/diariodepernambuco.audiencelabs.com.br\/wp-json\/wp\/v2\/media?parent=21950"}],"wp:term":[{"taxonomy":"category","embeddable":true,"href":"https:\/\/diariodepernambuco.audiencelabs.com.br\/wp-json\/wp\/v2\/categories?post=21950"},{"taxonomy":"post_tag","embeddable":true,"href":"https:\/\/diariodepernambuco.audiencelabs.com.br\/wp-json\/wp\/v2\/tags?post=21950"}],"curies":[{"name":"wp","href":"https:\/\/api.w.org\/{rel}","templated":true}]}}