{"id":22026,"date":"2026-03-24T13:03:00","date_gmt":"2026-03-24T16:03:00","guid":{"rendered":"https:\/\/diariodepernambuco.audiencelabs.com.br\/?p=22026"},"modified":"2026-03-24T14:53:16","modified_gmt":"2026-03-24T17:53:16","slug":"brasileiros-ganham-isencao-de-dividas-que-sempre-incomodaram-no-dia-a-dia","status":"publish","type":"post","link":"https:\/\/diariodepernambuco.audiencelabs.com.br\/brasileiros-ganham-isencao-de-dividas-que-sempre-incomodaram-no-dia-a-dia\/","title":{"rendered":"Brasileiros ganham isen\u00e7\u00e3o de d\u00edvidas que sempre incomodaram no dia a dia"},"content":{"rendered":"\n<p>O alto volume de despesas fixas compromete a capacidade de poupan\u00e7a e, \u00e0s vezes, at\u00e9 mesmo de quita\u00e7\u00e3o de muitos brasileiros. E quanto a fonte de renda se torna mais limitada, <strong>como no caso dos aposentados<\/strong>, a situa\u00e7\u00e3o se torna ainda mais desafiadora.<\/p>\n\n\n\n<p>Contudo, \u00e9 importante lembrar que a legisla\u00e7\u00e3o brasileira conta com diversos mecanismos destinados a assegurar que cidad\u00e3os com mais de 60 anos possam viver com maior dignidade e autonomia, garantindo condi\u00e7\u00f5es <strong>para arcar com suas despesas mensais sem risco de priva\u00e7\u00e3o<\/strong>.<\/p>\n\n\n\n<p>Um desses recursos \u00e9 a<strong> isen\u00e7\u00e3o ou concess\u00e3o de descontos<\/strong> para determinados pagamentos que podem pesar bastante no or\u00e7amento mensal. Assegurado pelo Estatuto da Pessoa Idosa, o benef\u00edcio se aplica \u00e0s seguintes \u00e1reas:<\/p>\n\n\n\n<ul class=\"wp-block-list\">\n<li><strong>Imposto sobre a Propriedade Predial e Territorial Urbana (IPTU):<\/strong> em algumas cidades, idosos com renda limitada e que utilizam o im\u00f3vel em seu nome apenas para moradia podem garantir isen\u00e7\u00e3o total ou parcial do tributo;<\/li>\n\n\n\n<li><strong>Medicamentos e insumos:<\/strong> o Poder P\u00fablico pode garantir o fornecimento gratuito de medicamentos de uso cont\u00ednuo e recursos adicionais necess\u00e1rios para o tratamento;<\/li>\n\n\n\n<li><strong>Transporte: <\/strong>seja por meio do documento de identidade oficial com foto ou um cart\u00e3o exclusivo, idosos podem garantir gratuidade no transporte p\u00fablico de muitas cidades do pa\u00eds.<\/li>\n<\/ul>\n\n\n\n<h2 class=\"wp-block-heading\">Quem pode solicitar a isen\u00e7\u00e3o de d\u00edvidas?<\/h2>\n\n\n<style>@media (min-width: 992px) {\n    .recomendadorV2Area1 {\n        width: 280px;\n    }\n    .recomendadorV2Area2 {\n        padding: 0px 20px;\n        width: calc(100% - 280px);\n    }\n}\n\n@media (max-width: 992px) {\n    .recomendadorV2Button {\n        margin: 0 auto;\n    }\n    .recomendadorV2Area {\n        flex-direction: column;\n        text-align: center;\n    }\n    .recomendadorV2Area2 {\n        padding: 0px 20px;\n    }\n}\n\n.recomendadorV2Area {\n    background: #eeeeee3d;\n    border-radius: 10px;\n    padding: 15px;\n    display: flex;\n    margin: 15px auto;\n    border: 1px solid #00000014;\n    max-width: 800px;\n}\n\n.recomendadorV2Area1 img {\n    width: 280px;\n    height: auto;\n    border-radius: 8px;\n}\n\n.linkrecomendadorv2 {\n    text-decoration: none !important;\n}\n\n.recomendadorV2Area2 .recomendadorV2Type {\n    text-transform: uppercase;\n    font-weight: 500;\n    font-size: 11px;\n    letter-spacing: 2px;\n    color: #666;\n    margin: 12px 0;\n    display: block;\n}\n\n.recomendadorV2Title h2 {\n    padding-top: 0px !important;\n    margin: 0px !important;\n    border-left: none !important;\n    padding-left: 0px !important;\n    line-height: 1.3;\n    color: #000 !important;\n    font-size: 24px;\n    margin-bottom: 12px !important;\n}\n\n.recomendadorV2Desc {\n    color: #333;\n    margin: 12px 0px !important;\n    font-size: 15px;\n    line-height: 1.5;\n}\n\n.recomendadorV2Button {\n    width: auto;\n    max-width: 200px;\n    margin: 0;\n    display: inline-flex;\n    align-items: center;\n    background: #1D3557;\n    border-radius: 8px;\n    color: #fff;\n    height: 36px;\n    justify-content: center;\n    text-align: center;\n    font-size: 14px;\n    padding: 0 20px;\n    transition: background-color 0.2s ease;\n}\n\n.recomendadorV2Button:hover {\n    background: #2a4d7a;\n}\n\n.recomendadorV2Button:after {\n    margin-top: -2px;\n    content: \"\u2192\";\n    padding: 0px 0px 0px 8px;\n}\n\n.recomendadorV2Alert {\n    text-align: left;\n    font-size: 11px;\n    margin-top: 8px;\n    color: #666;\n}\n\n.recomendadorFixedArea {\n    width: 100%;\n    display: flex;\n    justify-content: center;\n    align-items: center;\n}\n\n@media (min-width: 992px) {\n    #recomendadorFixed {\n        width: 32% !important;\n        left: 5%;\n    }\n    .recomendadorCloseFixed{\n        right: inherit !important;\n        left: 378px !important;\n    }\n}\n\n#recomendadorFixed {\n    width: 90%;\n    box-shadow: 0 10px 20px 0px #00000057;\n    display: none;\n    height: 90px;\n    background: #F6F6F6;\n    position: fixed;\n    flex-direction: row;\n    bottom: 10px;\n    z-index: 9999;\n    border-radius: 16px;\n    padding: 7px 10px;\n}\n\n.recomendadorLeftArea {\n    width: 160px;\n}\n\n.recomendadorRightArea h2 {\n    padding-top: 0px;\n    margin: 2px 0px 4px 0px !important;\n    font-weight: 400;\n    text-align: center;\n    padding-left: 0px !important;\n    color: #000 !important;\n    border-left: none !important;\n    line-height: 20px;\n    font-size: 12px !important;\n}\n\n.recomendadorImgFixed {\n    overflow: hidden;\n    padding: 8px 6px;\n    height: 100%;\n}\n\n.recomendadorImgFixed img {\n    height: 100% !important;\n    border-radius: 16px;\n}\n\n.recomendadorRightArea {\n    padding-top: 6px;\n    display: flex;\n    width: calc(100% - 130px);\n    justify-content: space-between;\n    align-items: center;\n    flex-direction: column;\n}\n\n.recomendadorButtonFixed {\n    margin: 0 auto;\n    background: #1D3557;\n    width: 80%;\n    text-align: center;\n    font-size: 10px;\n    color: #FFF;\n    padding: 2px 10px;\n    border-radius: 3px;\n}\n\n.recomendadorButtonFixed:after {\n    margin-top: -3px;\n    content: \"\u2192\";\n    padding: 0px 0px 0px 10px;\n}\n\n.recomendadorAlertFixed {\n    font-weight: 400;\n    text-align: center;\n    color: #484848;\n    font-size: 8px;\n}\n\n.recomendadorCloseFixed {\n    z-index: 99999;\n    display: none;\n    right: 0px;\n    left: inherit;\n    bottom: 99px;\n    position: fixed;\n    justify-content: center;\n    background: #F6F6F6;\n    width: 25px;\n    align-items: center;\n    height: 25px;\n    font-weight: 800;\n    border-radius: 50%;\n    border: 1px solid #EBEBEB;\n}\n\n.recomendadorV2Desc{\n    color: #000000;\n    margin: 20px 0px;\n}\n\n@media (max-width: 576px) {\n    .recomendadorV2Area {\n      padding: 10px;\n      max-width: 100%;\n    }\n  \n    .recomendadorV2Area1 img {\n      width: 100%;\n      border-radius: 6px;\n    }\n  \n    .recomendadorV2Area2 .recomendadorV2Type {\n      font-size: 9px;\n      letter-spacing: 1px;\n      margin: 8px 0;\n    }\n  \n    .recomendadorV2Title h2 {\n      font-size: 18px !important;\n      margin-bottom: 8px !important;\n      line-height: 1.2;\n    }\n  \n    .recomendadorV2Desc {\n      font-size: 14px;\n      margin: 8px 0 !important;\n      line-height: 1.4;\n    }\n  \n    .recomendadorV2Button {\n      font-size: 12px;\n      height: 30px;\n      padding: 0 12px;\n      max-width: 160px;\n    }\n  \n    .recomendadorV2Button:after {\n      padding-left: 6px;\n    }\n  }\n  <\/style>\n        <div class=\"lazyblock-recomendador-v2-2jDGz wp-block-lazyblock-recomendador-v2\">\n        <a class=\"linkrecomendadorv2\" href=\"https:\/\/diariodepernambuco.com.br\/dpmais\/caixas-eletronicos-comecam-a-cobrar-valor-de-quem-errar-a-senha-na-hora-de-sacar-dinheiro-neste-pais\/?utm_source=lazy\" target=\"_blank\" rel=\"noopener\">\n            <div class=\"recomendadorV2Area\">\n            <div class=\"recomendadorV2Area1\">\n                <div class=\"recomendadorV2Img\">\n                <img class=\"lazyloaded\" decoding=\"async\" src=\"https:\/\/diariodepernambuco.com.br\/dpmais\/wp-content\/uploads\/2025\/10\/Saque-Eletronico-1140x570.jpg\" data-src=\"https:\/\/diariodepernambuco.com.br\/dpmais\/wp-content\/uploads\/2025\/10\/Saque-Eletronico-1140x570.jpg\" alt=\"\">\n                <\/div>\n            <\/div>\n            <div class=\"recomendadorV2Area2\">\n                <div class=\"recomendadorV2Type\">\n                    <span>Nova regra<\/span>\n                <\/div>\n                <div class=\"recomendadorV2Title\">\n                <h2><span>Erro custa \ud83d\udcb3<\/span><\/h2>\n                <\/div>\n                <div class=\"recomendadorV2Desc\">\n                <span>Errar senha pode gerar cobran\u00e7a!<\/span>\n                <\/div>\n                <div class=\"recomendadorV2Button\">Entenda agora<\/div>\n                <div class=\"recomendadorV2Alert\"><\/div>\n            <\/div>\n            <\/div>\n        <\/a>\n        <div>\n            <div style=\"z-index:99999;\" id=\"buttonClose\" onclick=\"closeRecomendadorFixed()\">\n            <div class=\"recomendadorCloseFixed\">X<\/div>\n            <\/div>\n            <a href=\"https:\/\/diariodepernambuco.com.br\/dpmais\/caixas-eletronicos-comecam-a-cobrar-valor-de-quem-errar-a-senha-na-hora-de-sacar-dinheiro-neste-pais\/?utm_source=lazy\" target=\"_blank\" rel=\"noopener\">\n            <div class=\"recomendadorFixedArea\">\n                <div id=\"recomendadorFixed\">\n                <div class=\"recomendadorLeftArea\">\n                    <div class=\"recomendadorImgFixed\">\n                    <img class=\"lazyload\" decoding=\"async\" src=\"https:\/\/diariodepernambuco.com.br\/dpmais\/wp-content\/uploads\/2025\/10\/Saque-Eletronico-1140x570.jpg\" alt=\"\">\n                    <\/div>\n                <\/div>\n                <div class=\"recomendadorRightArea\">\n                    <div class=\"recomendadorTitleFixed\">\n                    <h2><span>Erro custa \ud83d\udcb3<\/span><\/h2>\n                    <\/div>\n                    <div class=\"recomendadorButtonFixed\">Entenda agora<\/div>\n                    <div class=\"recomendadorAlertFixed\"><\/div>\n                <\/div>\n                <\/div>\n            <\/div>\n            <\/a>\n        <\/div>\n        <\/div>\n\n\n\n<p>Apesar de direcionados exclusivamente a cidad\u00e3os com mais de 60 anos, vale destacar que <strong>os benef\u00edcios ainda seguem alguns crit\u00e9rios espec\u00edficos<\/strong> que, por sua vez, s\u00e3o definidos por regras pr\u00f3prias de programas ou por normas municipais e estaduais.<\/p>\n\n\n\n<p>Isso significa que eles n\u00e3o s\u00e3o concedidos automaticamente apenas com base na idade, uma vez que, por serem destinados a quem efetivamente necessita, podem exigir o cumprimento de determinadas regras para sua concess\u00e3o.<\/p>\n\n\n\n<p>Por isso, antes de solicitar qualquer isen\u00e7\u00e3o ou desconto, \u00e9 fundamental que os interessados consultem as regras junto ao \u00f3rg\u00e3o respons\u00e1vel pelo benef\u00edcio, a fim de assegurar que atendem aos requisitos necess\u00e1rios para sua utiliza\u00e7\u00e3o.<\/p>\n","protected":false},"excerpt":{"rendered":"<p>O alto volume de despesas fixas compromete a capacidade de poupan\u00e7a e, \u00e0s vezes, at\u00e9 mesmo de quita\u00e7\u00e3o de muitos brasileiros. E quanto a fonte de renda se torna mais limitada, como no caso dos aposentados, a situa\u00e7\u00e3o se torna ainda mais desafiadora. Contudo, \u00e9 importante lembrar que a legisla\u00e7\u00e3o brasileira conta com diversos mecanismos [&hellip;]<\/p>\n","protected":false},"author":15,"featured_media":22027,"comment_status":"open","ping_status":"open","sticky":false,"template":"","format":"standard","meta":{"jnews-multi-image_gallery":[],"jnews_single_post":{"format":"standard"},"jnews_primary_category":[],"jnews_social_meta":[],"jnews_post_split":[],"footnotes":""},"categories":[1],"tags":[],"class_list":["post-22026","post","type-post","status-publish","format-standard","has-post-thumbnail","hentry","category-uncategorized"],"_links":{"self":[{"href":"https:\/\/diariodepernambuco.audiencelabs.com.br\/wp-json\/wp\/v2\/posts\/22026","targetHints":{"allow":["GET"]}}],"collection":[{"href":"https:\/\/diariodepernambuco.audiencelabs.com.br\/wp-json\/wp\/v2\/posts"}],"about":[{"href":"https:\/\/diariodepernambuco.audiencelabs.com.br\/wp-json\/wp\/v2\/types\/post"}],"author":[{"embeddable":true,"href":"https:\/\/diariodepernambuco.audiencelabs.com.br\/wp-json\/wp\/v2\/users\/15"}],"replies":[{"embeddable":true,"href":"https:\/\/diariodepernambuco.audiencelabs.com.br\/wp-json\/wp\/v2\/comments?post=22026"}],"version-history":[{"count":2,"href":"https:\/\/diariodepernambuco.audiencelabs.com.br\/wp-json\/wp\/v2\/posts\/22026\/revisions"}],"predecessor-version":[{"id":22184,"href":"https:\/\/diariodepernambuco.audiencelabs.com.br\/wp-json\/wp\/v2\/posts\/22026\/revisions\/22184"}],"wp:featuredmedia":[{"embeddable":true,"href":"https:\/\/diariodepernambuco.audiencelabs.com.br\/wp-json\/wp\/v2\/media\/22027"}],"wp:attachment":[{"href":"https:\/\/diariodepernambuco.audiencelabs.com.br\/wp-json\/wp\/v2\/media?parent=22026"}],"wp:term":[{"taxonomy":"category","embeddable":true,"href":"https:\/\/diariodepernambuco.audiencelabs.com.br\/wp-json\/wp\/v2\/categories?post=22026"},{"taxonomy":"post_tag","embeddable":true,"href":"https:\/\/diariodepernambuco.audiencelabs.com.br\/wp-json\/wp\/v2\/tags?post=22026"}],"curies":[{"name":"wp","href":"https:\/\/api.w.org\/{rel}","templated":true}]}}