{"id":22047,"date":"2026-03-24T16:03:00","date_gmt":"2026-03-24T19:03:00","guid":{"rendered":"https:\/\/diariodepernambuco.audiencelabs.com.br\/?p=22047"},"modified":"2026-03-23T17:25:22","modified_gmt":"2026-03-23T20:25:22","slug":"gasolina-nao-para-de-subir-e-volta-a-mudar-de-preco-no-brasil","status":"publish","type":"post","link":"https:\/\/diariodepernambuco.audiencelabs.com.br\/gasolina-nao-para-de-subir-e-volta-a-mudar-de-preco-no-brasil\/","title":{"rendered":"Gasolina n\u00e3o para de subir e volta a mudar de pre\u00e7o no Brasil"},"content":{"rendered":"\n<p>Abastecer ve\u00edculos movidos \u00e0 diesel e, principalmente, \u00e0 gasolina tem se tornado um verdadeiro desafio para muitos brasileiros nas \u00faltimas semanas, tendo em vista <strong>os recentes aumentos que os combust\u00edveis sofreram<\/strong> recentemente.<\/p>\n\n\n\n<p>De acordo com levantamento realizado pela Ag\u00eancia Nacional do Petr\u00f3leo, G\u00e1s Natural e Biocombust\u00edveis, os pre\u00e7os praticados no pa\u00eds continuaram em alta, com alguns postos chegando a<strong> comercializar a gasolina por valores pr\u00f3ximos de R$ 10<\/strong>.<\/p>\n\n\n\n<p>E uma das justificativas centrais para o ocorrido permanece sendo o conflito entre os Estados Unidos e Israel contra o Ir\u00e3 que, infelizmente, ainda <strong>parece estar longe de chegar ao fim<\/strong>, mesmo com um recente recuo t\u00e1tico do pa\u00eds norte-americano.<\/p>\n\n\n\n<p>Vale lembrar que o Brasil ainda depende do exterior para <strong>cerca de 30% do diesel e 10% da gasolina consumidos<\/strong>. Com a alta internacional e os riscos log\u00edsticos, os combust\u00edveis importados acabaram perdendo competitividade.<\/p>\n\n\n\n<p>Conforme divulgado pelo portal <em>O Antagonista<\/em>, diante do agravamento do cen\u00e1rio, a ANP decidiu intensificar sua atua\u00e7\u00e3o, refor\u00e7ando a fiscaliza\u00e7\u00e3o dos estoques e notificando a Petrobras para disponibilizar volumes de combust\u00edveis provenientes de leil\u00f5es cancelados na tentativa de mitigar impactos.<\/p>\n\n\n\n<h2 class=\"wp-block-heading\">Apesar dos aumentos da gasolina, governo dedica esfor\u00e7os \u00e0 redu\u00e7\u00e3o do pre\u00e7o do diesel<\/h2>\n\n\n\n<p>Embora os pre\u00e7os da gasolina e do diesel tenham aumentado de forma simult\u00e2nea, o governo federal tem se esfor\u00e7ado principalmente para controlar a alta do combust\u00edvel composto principalmente por hidrocarbonetos.<\/p>\n\n\n\n<p>E \u00e9 importante destacar que a decis\u00e3o est\u00e1 diretamente relacionada<strong> \u00e0 relev\u00e2ncia do diesel para a economia<\/strong>, uma vez que o combust\u00edvel \u00e9 amplamente utilizado em motores de caminh\u00f5es, principais respons\u00e1veis pela log\u00edstica nacional.<\/p>\n\n\n\n<p>Al\u00e9m disso, o diesel tamb\u00e9m desempenha papel fundamental no agroneg\u00f3cio, uma vez que tratores e diversas m\u00e1quinas agr\u00edcolas dependem do combust\u00edvel para seu funcionamento. Ao se somarem esses fatores \u00e0 elevada depend\u00eancia externa, tornam-se evidentes as motiva\u00e7\u00f5es do governo para priorizar o diesel.<\/p>\n","protected":false},"excerpt":{"rendered":"<p>Abastecer ve\u00edculos movidos \u00e0 diesel e, principalmente, \u00e0 gasolina tem se tornado um verdadeiro desafio para muitos brasileiros nas \u00faltimas semanas, tendo em vista os recentes aumentos que os combust\u00edveis sofreram recentemente. De acordo com levantamento realizado pela Ag\u00eancia Nacional do Petr\u00f3leo, G\u00e1s Natural e Biocombust\u00edveis, os pre\u00e7os praticados no pa\u00eds continuaram em alta, com [&hellip;]<\/p>\n","protected":false},"author":15,"featured_media":22048,"comment_status":"open","ping_status":"open","sticky":false,"template":"","format":"standard","meta":{"jnews-multi-image_gallery":[],"jnews_single_post":{"format":"standard"},"jnews_primary_category":[],"jnews_social_meta":[],"jnews_post_split":[],"footnotes":""},"categories":[1],"tags":[],"class_list":["post-22047","post","type-post","status-publish","format-standard","has-post-thumbnail","hentry","category-uncategorized"],"_links":{"self":[{"href":"https:\/\/diariodepernambuco.audiencelabs.com.br\/wp-json\/wp\/v2\/posts\/22047","targetHints":{"allow":["GET"]}}],"collection":[{"href":"https:\/\/diariodepernambuco.audiencelabs.com.br\/wp-json\/wp\/v2\/posts"}],"about":[{"href":"https:\/\/diariodepernambuco.audiencelabs.com.br\/wp-json\/wp\/v2\/types\/post"}],"author":[{"embeddable":true,"href":"https:\/\/diariodepernambuco.audiencelabs.com.br\/wp-json\/wp\/v2\/users\/15"}],"replies":[{"embeddable":true,"href":"https:\/\/diariodepernambuco.audiencelabs.com.br\/wp-json\/wp\/v2\/comments?post=22047"}],"version-history":[{"count":1,"href":"https:\/\/diariodepernambuco.audiencelabs.com.br\/wp-json\/wp\/v2\/posts\/22047\/revisions"}],"predecessor-version":[{"id":22052,"href":"https:\/\/diariodepernambuco.audiencelabs.com.br\/wp-json\/wp\/v2\/posts\/22047\/revisions\/22052"}],"wp:featuredmedia":[{"embeddable":true,"href":"https:\/\/diariodepernambuco.audiencelabs.com.br\/wp-json\/wp\/v2\/media\/22048"}],"wp:attachment":[{"href":"https:\/\/diariodepernambuco.audiencelabs.com.br\/wp-json\/wp\/v2\/media?parent=22047"}],"wp:term":[{"taxonomy":"category","embeddable":true,"href":"https:\/\/diariodepernambuco.audiencelabs.com.br\/wp-json\/wp\/v2\/categories?post=22047"},{"taxonomy":"post_tag","embeddable":true,"href":"https:\/\/diariodepernambuco.audiencelabs.com.br\/wp-json\/wp\/v2\/tags?post=22047"}],"curies":[{"name":"wp","href":"https:\/\/api.w.org\/{rel}","templated":true}]}}