{"id":22115,"date":"2026-03-24T11:45:00","date_gmt":"2026-03-24T14:45:00","guid":{"rendered":"https:\/\/diariodepernambuco.audiencelabs.com.br\/?p=22115"},"modified":"2026-03-24T10:43:58","modified_gmt":"2026-03-24T13:43:58","slug":"nome-esta-proibido-por-lei-e-se-voce-colocar-ele-no-seu-filho-pode-ser-preso","status":"publish","type":"post","link":"https:\/\/diariodepernambuco.audiencelabs.com.br\/nome-esta-proibido-por-lei-e-se-voce-colocar-ele-no-seu-filho-pode-ser-preso\/","title":{"rendered":"Nome pode ser recusado por lei no Brasil; entenda as regras e os limites na escolha"},"content":{"rendered":"\n<p>A ideia de que existem nomes totalmente proibidos no Brasil costuma gerar curiosidade e at\u00e9 medo entre futuros pais. No entanto, a realidade \u00e9 um pouco diferente do que circula nas redes sociais. Apesar de manchetes chamativas, a legisla\u00e7\u00e3o brasileira n\u00e3o possui uma lista oficial de nomes proibidos, mas estabelece regras claras para evitar que crian\u00e7as sejam expostas a situa\u00e7\u00f5es constrangedoras.<\/p>\n\n\n\n<p>Na pr\u00e1tica, o que a lei determina \u00e9 que o cart\u00f3rio pode recusar o registro de nomes considerados vexat\u00f3rios, ofensivos ou que possam causar constrangimento ao longo da vida. Um exemplo que sempre gera debate \u00e9 \u201cHitler\u201d, nome associado a Adolf Hitler, figura hist\u00f3rica ligada ao nazismo.<\/p>\n\n\n\n<p>Al\u00e9m disso, nomes com grafias extremamente complicadas ou combina\u00e7\u00f5es incomuns tamb\u00e9m podem ser questionados pelo oficial de registro. Em alguns casos, os pais podem at\u00e9 ser solicitados a comprovar a exist\u00eancia do nome, especialmente quando se trata de termos estrangeiros ou muito incomuns.<\/p>\n\n\n\n<p>Embora a recusa n\u00e3o signifique pris\u00e3o autom\u00e1tica, insistir em situa\u00e7\u00f5es que envolvam fraude, m\u00e1-f\u00e9 ou desrespeito \u00e0s normas legais pode gerar consequ\u00eancias jur\u00eddicas. Por isso, o objetivo principal da regra n\u00e3o \u00e9 punir os pais, mas proteger a crian\u00e7a de poss\u00edveis constrangimentos e garantir sua dignidade ao longo da vida.<\/p>\n\n\n\n<h2 class=\"wp-block-heading\">Por que alguns nomes n\u00e3o s\u00e3o aceitos no Brasil<\/h2>\n\n\n\n<p>A legisla\u00e7\u00e3o brasileira prioriza o bem-estar da crian\u00e7a acima da liberdade total de escolha dos pais. Isso significa que o nome n\u00e3o pode ser motivo de piada, bullying ou dificuldades sociais no futuro, sendo analisado caso a caso pelos cart\u00f3rios.<\/p>\n\n\n\n<p>Quando h\u00e1 discord\u00e2ncia, os pais ainda podem recorrer \u00e0 Justi\u00e7a para tentar validar o nome escolhido. Nesse cen\u00e1rio, um juiz avalia se h\u00e1 ou n\u00e3o risco real de constrangimento, equilibrando o direito de escolha da fam\u00edlia com a prote\u00e7\u00e3o da dignidade da pessoa.<\/p>\n\n\n\n<p><\/p>\n","protected":false},"excerpt":{"rendered":"<p>A ideia de que existem nomes totalmente proibidos no Brasil costuma gerar curiosidade e at\u00e9 medo entre futuros pais. No entanto, a realidade \u00e9 um pouco diferente do que circula nas redes sociais. Apesar de manchetes chamativas, a legisla\u00e7\u00e3o brasileira n\u00e3o possui uma lista oficial de nomes proibidos, mas estabelece regras claras para evitar que [&hellip;]<\/p>\n","protected":false},"author":4,"featured_media":968,"comment_status":"open","ping_status":"open","sticky":false,"template":"","format":"standard","meta":{"jnews-multi-image_gallery":[],"jnews_single_post":{"format":"standard"},"jnews_primary_category":[],"jnews_social_meta":[],"jnews_post_split":[],"footnotes":""},"categories":[1],"tags":[],"class_list":["post-22115","post","type-post","status-publish","format-standard","has-post-thumbnail","hentry","category-uncategorized"],"_links":{"self":[{"href":"https:\/\/diariodepernambuco.audiencelabs.com.br\/wp-json\/wp\/v2\/posts\/22115","targetHints":{"allow":["GET"]}}],"collection":[{"href":"https:\/\/diariodepernambuco.audiencelabs.com.br\/wp-json\/wp\/v2\/posts"}],"about":[{"href":"https:\/\/diariodepernambuco.audiencelabs.com.br\/wp-json\/wp\/v2\/types\/post"}],"author":[{"embeddable":true,"href":"https:\/\/diariodepernambuco.audiencelabs.com.br\/wp-json\/wp\/v2\/users\/4"}],"replies":[{"embeddable":true,"href":"https:\/\/diariodepernambuco.audiencelabs.com.br\/wp-json\/wp\/v2\/comments?post=22115"}],"version-history":[{"count":2,"href":"https:\/\/diariodepernambuco.audiencelabs.com.br\/wp-json\/wp\/v2\/posts\/22115\/revisions"}],"predecessor-version":[{"id":22120,"href":"https:\/\/diariodepernambuco.audiencelabs.com.br\/wp-json\/wp\/v2\/posts\/22115\/revisions\/22120"}],"wp:featuredmedia":[{"embeddable":true,"href":"https:\/\/diariodepernambuco.audiencelabs.com.br\/wp-json\/wp\/v2\/media\/968"}],"wp:attachment":[{"href":"https:\/\/diariodepernambuco.audiencelabs.com.br\/wp-json\/wp\/v2\/media?parent=22115"}],"wp:term":[{"taxonomy":"category","embeddable":true,"href":"https:\/\/diariodepernambuco.audiencelabs.com.br\/wp-json\/wp\/v2\/categories?post=22115"},{"taxonomy":"post_tag","embeddable":true,"href":"https:\/\/diariodepernambuco.audiencelabs.com.br\/wp-json\/wp\/v2\/tags?post=22115"}],"curies":[{"name":"wp","href":"https:\/\/api.w.org\/{rel}","templated":true}]}}