{"id":22135,"date":"2026-03-25T13:15:00","date_gmt":"2026-03-25T16:15:00","guid":{"rendered":"https:\/\/diariodepernambuco.audiencelabs.com.br\/?p=22135"},"modified":"2026-03-24T11:41:59","modified_gmt":"2026-03-24T14:41:59","slug":"vini-jr-e-virginia-estao-prontos-para-o-proximo-passo-no-relacionamento","status":"publish","type":"post","link":"https:\/\/diariodepernambuco.audiencelabs.com.br\/vini-jr-e-virginia-estao-prontos-para-o-proximo-passo-no-relacionamento\/","title":{"rendered":"Vini Jr e Virginia est\u00e3o prontos para o pr\u00f3ximo passo no relacionamento"},"content":{"rendered":"\n<p>O relacionamento entre Vin\u00edcius J\u00fanior e Virginia Fonseca parece cada vez mais s\u00e9rio e j\u00e1 come\u00e7a a dar sinais de um novo cap\u00edtulo. A influenciadora abriu o cora\u00e7\u00e3o recentemente e revelou que enxerga um futuro ao lado do jogador, indicando que os dois podem estar prontos para dar um passo importante juntos.<\/p>\n\n\n\n<p>Durante participa\u00e7\u00e3o em seu programa, Virginia contou que tem o sonho de se casar na igreja, mostrando que o namoro vai al\u00e9m de algo passageiro. Segundo ela, quando se est\u00e1 em um relacionamento, \u00e9 natural pensar no futuro, deixando claro que a rela\u00e7\u00e3o com o craque da Sele\u00e7\u00e3o Brasileira tem planos mais duradouros.<\/p>\n\n\n\n<p>Apesar do desejo de subir ao altar, a influenciadora tamb\u00e9m foi sincera ao falar sobre maternidade. M\u00e3e de tr\u00eas filhos, ela afirmou que, por enquanto, n\u00e3o pretende aumentar a fam\u00edlia e garantiu que seguir\u00e1 utilizando DIU, refor\u00e7ando que cada etapa da vida ser\u00e1 respeitada com calma.<\/p>\n\n\n\n<p>O casal, que assumiu o relacionamento em 2025, vem demonstrando cada vez mais sintonia, mesmo com a rotina intensa e a dist\u00e2ncia causada pela carreira internacional de Vini Jr. A declara\u00e7\u00e3o recente s\u00f3 aumentou a expectativa dos f\u00e3s, que j\u00e1 come\u00e7am a especular sobre um poss\u00edvel casamento no futuro pr\u00f3ximo.<\/p>\n\n\n\n<h2 class=\"wp-block-heading\">Planos s\u00e9rios, mas com os p\u00e9s no ch\u00e3o<\/h2>\n\n\n\n<p>Mesmo falando abertamente sobre casamento, Virginia deixou claro que n\u00e3o h\u00e1 pressa para que isso aconte\u00e7a. A influenciadora destacou que ainda \u00e9 jovem e que prefere viver o relacionamento de forma leve, sem pular etapas importantes da vida a dois.<\/p>\n\n\n\n<p>Ao mesmo tempo, as declara\u00e7\u00f5es mostram maturidade do casal, que j\u00e1 pensa no futuro, mas sem abrir m\u00e3o do presente. Entre compromissos profissionais e vida pessoal, Vini Jr e Virginia seguem fortalecendo a rela\u00e7\u00e3o, alimentando a curiosidade do p\u00fablico sobre os pr\u00f3ximos passos dessa hist\u00f3ria.<\/p>\n","protected":false},"excerpt":{"rendered":"<p>O relacionamento entre Vin\u00edcius J\u00fanior e Virginia Fonseca parece cada vez mais s\u00e9rio e j\u00e1 come\u00e7a a dar sinais de um novo cap\u00edtulo. A influenciadora abriu o cora\u00e7\u00e3o recentemente e revelou que enxerga um futuro ao lado do jogador, indicando que os dois podem estar prontos para dar um passo importante juntos. Durante participa\u00e7\u00e3o em [&hellip;]<\/p>\n","protected":false},"author":4,"featured_media":7366,"comment_status":"open","ping_status":"open","sticky":false,"template":"","format":"standard","meta":{"jnews-multi-image_gallery":[],"jnews_single_post":{"format":"standard"},"jnews_primary_category":[],"jnews_social_meta":[],"jnews_post_split":[],"footnotes":""},"categories":[1],"tags":[],"class_list":["post-22135","post","type-post","status-publish","format-standard","has-post-thumbnail","hentry","category-uncategorized"],"_links":{"self":[{"href":"https:\/\/diariodepernambuco.audiencelabs.com.br\/wp-json\/wp\/v2\/posts\/22135","targetHints":{"allow":["GET"]}}],"collection":[{"href":"https:\/\/diariodepernambuco.audiencelabs.com.br\/wp-json\/wp\/v2\/posts"}],"about":[{"href":"https:\/\/diariodepernambuco.audiencelabs.com.br\/wp-json\/wp\/v2\/types\/post"}],"author":[{"embeddable":true,"href":"https:\/\/diariodepernambuco.audiencelabs.com.br\/wp-json\/wp\/v2\/users\/4"}],"replies":[{"embeddable":true,"href":"https:\/\/diariodepernambuco.audiencelabs.com.br\/wp-json\/wp\/v2\/comments?post=22135"}],"version-history":[{"count":2,"href":"https:\/\/diariodepernambuco.audiencelabs.com.br\/wp-json\/wp\/v2\/posts\/22135\/revisions"}],"predecessor-version":[{"id":22137,"href":"https:\/\/diariodepernambuco.audiencelabs.com.br\/wp-json\/wp\/v2\/posts\/22135\/revisions\/22137"}],"wp:featuredmedia":[{"embeddable":true,"href":"https:\/\/diariodepernambuco.audiencelabs.com.br\/wp-json\/wp\/v2\/media\/7366"}],"wp:attachment":[{"href":"https:\/\/diariodepernambuco.audiencelabs.com.br\/wp-json\/wp\/v2\/media?parent=22135"}],"wp:term":[{"taxonomy":"category","embeddable":true,"href":"https:\/\/diariodepernambuco.audiencelabs.com.br\/wp-json\/wp\/v2\/categories?post=22135"},{"taxonomy":"post_tag","embeddable":true,"href":"https:\/\/diariodepernambuco.audiencelabs.com.br\/wp-json\/wp\/v2\/tags?post=22135"}],"curies":[{"name":"wp","href":"https:\/\/api.w.org\/{rel}","templated":true}]}}