{"id":22148,"date":"2026-03-25T15:15:00","date_gmt":"2026-03-25T18:15:00","guid":{"rendered":"https:\/\/diariodepernambuco.audiencelabs.com.br\/?p=22148"},"modified":"2026-03-24T12:27:25","modified_gmt":"2026-03-24T15:27:25","slug":"cidade-brasileira-com-aluguel-medio-de-r-1-000-tem-empregos-sobrando-e-tranquilidade-de-vida","status":"publish","type":"post","link":"https:\/\/diariodepernambuco.audiencelabs.com.br\/cidade-brasileira-com-aluguel-medio-de-r-1-000-tem-empregos-sobrando-e-tranquilidade-de-vida\/","title":{"rendered":"Cidade brasileira com aluguel m\u00e9dio de R$ 1.000 tem empregos sobrando e tranquilidade de vida"},"content":{"rendered":"\n<p>A cidade de Benedito Novo tem chamado a aten\u00e7\u00e3o de brasileiros que buscam fugir dos altos custos das grandes capitais. Localizada no Vale do Itaja\u00ed, em Santa Catarina, o munic\u00edpio se destaca por oferecer aluguel m\u00e9dio em torno de R$ 1 mil, aliado a boas oportunidades de trabalho e uma rotina mais tranquila.<\/p>\n\n\n\n<p>Nos \u00faltimos anos, Benedito Novo tem registrado um aumento significativo na chegada de novos moradores. O principal motivo \u00e9 a oferta de empregos, especialmente em setores industriais e locais, que t\u00eam absorvido m\u00e3o de obra e atra\u00eddo pessoas de diferentes regi\u00f5es do pa\u00eds em busca de estabilidade.<\/p>\n\n\n\n<p>Com o crescimento da procura, o mercado imobili\u00e1rio local passou a enfrentar maior press\u00e3o. Encontrar um im\u00f3vel dispon\u00edvel j\u00e1 n\u00e3o \u00e9 t\u00e3o simples, e h\u00e1 relatos de filas de espera por casas para alugar, reflexo direto da demanda crescente por moradia na cidade.<\/p>\n\n\n\n<p>Mesmo com esse cen\u00e1rio, Benedito Novo segue como um destino atrativo para quem busca qualidade de vida. A combina\u00e7\u00e3o entre custo mais baixo, oportunidades de trabalho e um ambiente mais calmo tem colocado o munic\u00edpio no radar de quem deseja recome\u00e7ar longe dos grandes centros urbanos.<\/p>\n\n\n\n<h2 class=\"wp-block-heading\">Crescimento r\u00e1pido traz oportunidades e desafios<\/h2>\n\n\n\n<p>O aumento da popula\u00e7\u00e3o tem impulsionado a economia local, incentivando novos investimentos e a abertura de neg\u00f3cios. O setor imobili\u00e1rio, por exemplo, tem se aquecido com a constru\u00e7\u00e3o de novas resid\u00eancias para atender \u00e0 demanda crescente.<\/p>\n\n\n\n<p>Por outro lado, esse crescimento acelerado tamb\u00e9m exige aten\u00e7\u00e3o \u00e0 infraestrutura. A administra\u00e7\u00e3o municipal tem buscado ampliar servi\u00e7os p\u00fablicos, como educa\u00e7\u00e3o e sa\u00fade, para garantir que a cidade continue oferecendo qualidade de vida mesmo com o aumento no n\u00famero de habitantes.<\/p>\n\n\n\n<p><\/p>\n","protected":false},"excerpt":{"rendered":"<p>A cidade de Benedito Novo tem chamado a aten\u00e7\u00e3o de brasileiros que buscam fugir dos altos custos das grandes capitais. Localizada no Vale do Itaja\u00ed, em Santa Catarina, o munic\u00edpio se destaca por oferecer aluguel m\u00e9dio em torno de R$ 1 mil, aliado a boas oportunidades de trabalho e uma rotina mais tranquila. Nos \u00faltimos [&hellip;]<\/p>\n","protected":false},"author":4,"featured_media":22152,"comment_status":"open","ping_status":"open","sticky":false,"template":"","format":"standard","meta":{"jnews-multi-image_gallery":[],"jnews_single_post":{"format":"standard"},"jnews_primary_category":[],"jnews_social_meta":[],"jnews_post_split":[],"footnotes":""},"categories":[1],"tags":[],"class_list":["post-22148","post","type-post","status-publish","format-standard","has-post-thumbnail","hentry","category-uncategorized"],"_links":{"self":[{"href":"https:\/\/diariodepernambuco.audiencelabs.com.br\/wp-json\/wp\/v2\/posts\/22148","targetHints":{"allow":["GET"]}}],"collection":[{"href":"https:\/\/diariodepernambuco.audiencelabs.com.br\/wp-json\/wp\/v2\/posts"}],"about":[{"href":"https:\/\/diariodepernambuco.audiencelabs.com.br\/wp-json\/wp\/v2\/types\/post"}],"author":[{"embeddable":true,"href":"https:\/\/diariodepernambuco.audiencelabs.com.br\/wp-json\/wp\/v2\/users\/4"}],"replies":[{"embeddable":true,"href":"https:\/\/diariodepernambuco.audiencelabs.com.br\/wp-json\/wp\/v2\/comments?post=22148"}],"version-history":[{"count":2,"href":"https:\/\/diariodepernambuco.audiencelabs.com.br\/wp-json\/wp\/v2\/posts\/22148\/revisions"}],"predecessor-version":[{"id":22151,"href":"https:\/\/diariodepernambuco.audiencelabs.com.br\/wp-json\/wp\/v2\/posts\/22148\/revisions\/22151"}],"wp:featuredmedia":[{"embeddable":true,"href":"https:\/\/diariodepernambuco.audiencelabs.com.br\/wp-json\/wp\/v2\/media\/22152"}],"wp:attachment":[{"href":"https:\/\/diariodepernambuco.audiencelabs.com.br\/wp-json\/wp\/v2\/media?parent=22148"}],"wp:term":[{"taxonomy":"category","embeddable":true,"href":"https:\/\/diariodepernambuco.audiencelabs.com.br\/wp-json\/wp\/v2\/categories?post=22148"},{"taxonomy":"post_tag","embeddable":true,"href":"https:\/\/diariodepernambuco.audiencelabs.com.br\/wp-json\/wp\/v2\/tags?post=22148"}],"curies":[{"name":"wp","href":"https:\/\/api.w.org\/{rel}","templated":true}]}}