{"id":22261,"date":"2026-03-25T09:15:00","date_gmt":"2026-03-25T12:15:00","guid":{"rendered":"https:\/\/diariodepernambuco.audiencelabs.com.br\/?p=22261"},"modified":"2026-03-25T17:53:15","modified_gmt":"2026-03-25T20:53:15","slug":"comunicado-geral-pix-foi-suspenso-no-brasil-e-transacoes-interrompidas","status":"publish","type":"post","link":"https:\/\/diariodepernambuco.audiencelabs.com.br\/comunicado-geral-pix-foi-suspenso-no-brasil-e-transacoes-interrompidas\/","title":{"rendered":"Comunicado geral: Pix fora do ar no Brasil e transa\u00e7\u00f5es interrompidas"},"content":{"rendered":"\n<p>Usu\u00e1rios de todo o Brasil foram surpreendidos nesta ter\u00e7a-feira, dia 24 de mar\u00e7o, ap\u00f3s o sistema de transfer\u00eancias instant\u00e2neas Pix apresentar instabilidade e interromper transa\u00e7\u00f5es em diferentes regi\u00f5es do pa\u00eds. A falha gerou preocupa\u00e7\u00e3o entre consumidores e comerciantes, j\u00e1 que o servi\u00e7o \u00e9 amplamente utilizado para pagamentos do dia a dia.<\/p>\n\n\n\n<p>Durante o per\u00edodo de instabilidade, diversos usu\u00e1rios relataram dificuldades para realizar transfer\u00eancias, pagamentos e at\u00e9 mesmo para acessar funcionalidades b\u00e1sicas do sistema. O problema afetou tanto pessoas f\u00edsicas quanto empresas, impactando diretamente o com\u00e9rcio, especialmente em estabelecimentos que dependem exclusivamente do Pix como forma de pagamento.<\/p>\n\n\n\n<p>O Banco Central do Brasil, respons\u00e1vel pela opera\u00e7\u00e3o do sistema, informou que a falha foi pontual e rapidamente identificada pelas equipes t\u00e9cnicas. Apesar do susto, o \u00f3rg\u00e3o refor\u00e7ou que n\u00e3o houve qualquer comprometimento de dados ou risco \u00e0 seguran\u00e7a das transa\u00e7\u00f5es, tranquilizando os usu\u00e1rios quanto \u00e0 integridade do sistema.<\/p>\n\n\n\n<p>Ainda na pr\u00f3pria ter\u00e7a-feira, o servi\u00e7o foi normalizado e voltou a operar normalmente em todo o pa\u00eds. O epis\u00f3dio, no entanto, reacendeu discuss\u00f5es sobre a depend\u00eancia crescente do Pix na rotina financeira dos brasileiros e a import\u00e2ncia de alternativas em casos de instabilidade.<\/p>\n\n\n\n<h2 class=\"wp-block-heading\">Banco Central normaliza servi\u00e7o e garante seguran\u00e7a das opera\u00e7\u00f5es<\/h2>\n\n\n\n<p>O Banco Central normalizou rapidamente o Pix ap\u00f3s a interrup\u00e7\u00e3o que deixou usu\u00e1rios de todo o Brasil sem acesso ao sistema de transfer\u00eancias instant\u00e2neas. A a\u00e7\u00e3o r\u00e1pida garantiu que transa\u00e7\u00f5es fossem retomadas sem maiores problemas, minimizando o impacto no com\u00e9rcio e nas opera\u00e7\u00f5es cotidianas.<\/p>\n\n\n\n<p>Apesar da falha, o \u00f3rg\u00e3o refor\u00e7ou que n\u00e3o houve comprometimento de dados ou riscos \u00e0 seguran\u00e7a das opera\u00e7\u00f5es. O epis\u00f3dio reacendeu o debate sobre a depend\u00eancia do Pix e a necessidade de alternativas de pagamento para situa\u00e7\u00f5es de instabilidade.<\/p>\n\n\n\n<p><\/p>\n","protected":false},"excerpt":{"rendered":"<p>Usu\u00e1rios de todo o Brasil foram surpreendidos nesta ter\u00e7a-feira, dia 24 de mar\u00e7o, ap\u00f3s o sistema de transfer\u00eancias instant\u00e2neas Pix apresentar instabilidade e interromper transa\u00e7\u00f5es em diferentes regi\u00f5es do pa\u00eds. A falha gerou preocupa\u00e7\u00e3o entre consumidores e comerciantes, j\u00e1 que o servi\u00e7o \u00e9 amplamente utilizado para pagamentos do dia a dia. Durante o per\u00edodo de [&hellip;]<\/p>\n","protected":false},"author":4,"featured_media":6385,"comment_status":"open","ping_status":"open","sticky":false,"template":"","format":"standard","meta":{"jnews-multi-image_gallery":[],"jnews_single_post":{"format":"standard"},"jnews_primary_category":[],"jnews_social_meta":[],"jnews_post_split":[],"footnotes":""},"categories":[1],"tags":[],"class_list":["post-22261","post","type-post","status-publish","format-standard","has-post-thumbnail","hentry","category-uncategorized"],"_links":{"self":[{"href":"https:\/\/diariodepernambuco.audiencelabs.com.br\/wp-json\/wp\/v2\/posts\/22261","targetHints":{"allow":["GET"]}}],"collection":[{"href":"https:\/\/diariodepernambuco.audiencelabs.com.br\/wp-json\/wp\/v2\/posts"}],"about":[{"href":"https:\/\/diariodepernambuco.audiencelabs.com.br\/wp-json\/wp\/v2\/types\/post"}],"author":[{"embeddable":true,"href":"https:\/\/diariodepernambuco.audiencelabs.com.br\/wp-json\/wp\/v2\/users\/4"}],"replies":[{"embeddable":true,"href":"https:\/\/diariodepernambuco.audiencelabs.com.br\/wp-json\/wp\/v2\/comments?post=22261"}],"version-history":[{"count":3,"href":"https:\/\/diariodepernambuco.audiencelabs.com.br\/wp-json\/wp\/v2\/posts\/22261\/revisions"}],"predecessor-version":[{"id":22414,"href":"https:\/\/diariodepernambuco.audiencelabs.com.br\/wp-json\/wp\/v2\/posts\/22261\/revisions\/22414"}],"wp:featuredmedia":[{"embeddable":true,"href":"https:\/\/diariodepernambuco.audiencelabs.com.br\/wp-json\/wp\/v2\/media\/6385"}],"wp:attachment":[{"href":"https:\/\/diariodepernambuco.audiencelabs.com.br\/wp-json\/wp\/v2\/media?parent=22261"}],"wp:term":[{"taxonomy":"category","embeddable":true,"href":"https:\/\/diariodepernambuco.audiencelabs.com.br\/wp-json\/wp\/v2\/categories?post=22261"},{"taxonomy":"post_tag","embeddable":true,"href":"https:\/\/diariodepernambuco.audiencelabs.com.br\/wp-json\/wp\/v2\/tags?post=22261"}],"curies":[{"name":"wp","href":"https:\/\/api.w.org\/{rel}","templated":true}]}}