{"id":2228,"date":"2025-08-30T12:22:00","date_gmt":"2025-08-30T15:22:00","guid":{"rendered":"https:\/\/diariodepernambuco.audiencelabs.com.br\/?p=2228"},"modified":"2025-08-30T19:24:13","modified_gmt":"2025-08-30T22:24:13","slug":"suspensao-de-pagamento-do-bolsa-familia-entenda","status":"publish","type":"post","link":"https:\/\/diariodepernambuco.audiencelabs.com.br\/suspensao-de-pagamento-do-bolsa-familia-entenda\/","title":{"rendered":"Suspens\u00e3o de pagamento do Bolsa Fam\u00edlia? Entenda"},"content":{"rendered":"\n<p>As fam\u00edlias inscritas no Bolsa Fam\u00edlia j\u00e1 podem se preparar para receber a parcela de setembro de 2025. O Minist\u00e9rio do Desenvolvimento e Assist\u00eancia Social, Fam\u00edlia e Combate \u00e0 Fome (MDS) divulgou o calend\u00e1rio oficial de pagamentos, que seguir\u00e1, como de costume, o crit\u00e9rio baseado no \u00faltimo d\u00edgito do N\u00famero de Identifica\u00e7\u00e3o Social (NIS).<\/p>\n\n\n\n<p>Os repasses ter\u00e3o in\u00edcio em 17 de setembro e seguir\u00e3o at\u00e9 o dia 30. Antes disso, a partir do dia 9, os benefici\u00e1rios poder\u00e3o consultar o valor que ser\u00e1 depositado por meio dos aplicativos oficiais: Bolsa Fam\u00edlia, Caixa Tem e Cadastro \u00danico.<\/p>\n\n\n\n<p>Em setembro, o valor m\u00ednimo do Bolsa Fam\u00edlia continua em R$ 600, podendo variar conforme a composi\u00e7\u00e3o de cada n\u00facleo familiar. Na pr\u00e1tica, a m\u00e9dia do repasse fica em torno de R$ 680, somada aos adicionais previstos: R$ 150 por crian\u00e7a de at\u00e9 seis anos, R$ 50 para gestantes e lactantes e R$ 50 para jovens entre 7 e 18 anos.<\/p>\n\n\n\n<p>J\u00e1 o benef\u00edcio extra do vale-g\u00e1s n\u00e3o ser\u00e1 pago neste m\u00eas, pois os repasses acontecem de forma bimestral. A \u00faltima parcela foi liberada em agosto, alcan\u00e7ando aproximadamente 5 milh\u00f5es de fam\u00edlias, e a pr\u00f3xima est\u00e1 programada para outubro. Paralelamente, o MDS segue realizando a revis\u00e3o cadastral mais rigorosa dos \u00faltimos anos.<\/p>\n\n\n\n<h2 class=\"wp-block-heading\">Calend\u00e1rio Bolsa Fam\u00edlia de Setembro 2025<\/h2>\n\n\n\n<ul class=\"wp-block-list\">\n<li>NIS final 1: 17\/09<\/li>\n\n\n\n<li>NIS final 2: 18\/09<\/li>\n\n\n\n<li>NIS final 3: 19\/09<\/li>\n\n\n\n<li>NIS final 4: 22\/09 (antecipado para 20\/09, s\u00e1bado)<\/li>\n\n\n\n<li>NIS final 5: 24\/09<\/li>\n\n\n\n<li>NIS final 6: 27\/09<\/li>\n\n\n\n<li>NIS final 7: 28\/09<\/li>\n\n\n\n<li>NIS final 8: 29\/09 (antecipado para 27\/09, s\u00e1bado)<\/li>\n\n\n\n<li>NIS final 9: 30\/09<\/li>\n\n\n\n<li>NIS final 0: 31\/09<\/li>\n<\/ul>\n","protected":false},"excerpt":{"rendered":"<p>As fam\u00edlias inscritas no Bolsa Fam\u00edlia j\u00e1 podem se preparar para receber a parcela de setembro de 2025. O Minist\u00e9rio do Desenvolvimento e Assist\u00eancia Social, Fam\u00edlia e Combate \u00e0 Fome (MDS) divulgou o calend\u00e1rio oficial de pagamentos, que seguir\u00e1, como de costume, o crit\u00e9rio baseado no \u00faltimo d\u00edgito do N\u00famero de Identifica\u00e7\u00e3o Social (NIS). Os [&hellip;]<\/p>\n","protected":false},"author":4,"featured_media":1672,"comment_status":"open","ping_status":"open","sticky":false,"template":"","format":"standard","meta":{"jnews-multi-image_gallery":[],"jnews_single_post":{"format":"standard"},"jnews_primary_category":[],"jnews_social_meta":[],"jnews_post_split":[],"footnotes":""},"categories":[1],"tags":[],"class_list":["post-2228","post","type-post","status-publish","format-standard","has-post-thumbnail","hentry","category-uncategorized"],"_links":{"self":[{"href":"https:\/\/diariodepernambuco.audiencelabs.com.br\/wp-json\/wp\/v2\/posts\/2228","targetHints":{"allow":["GET"]}}],"collection":[{"href":"https:\/\/diariodepernambuco.audiencelabs.com.br\/wp-json\/wp\/v2\/posts"}],"about":[{"href":"https:\/\/diariodepernambuco.audiencelabs.com.br\/wp-json\/wp\/v2\/types\/post"}],"author":[{"embeddable":true,"href":"https:\/\/diariodepernambuco.audiencelabs.com.br\/wp-json\/wp\/v2\/users\/4"}],"replies":[{"embeddable":true,"href":"https:\/\/diariodepernambuco.audiencelabs.com.br\/wp-json\/wp\/v2\/comments?post=2228"}],"version-history":[{"count":1,"href":"https:\/\/diariodepernambuco.audiencelabs.com.br\/wp-json\/wp\/v2\/posts\/2228\/revisions"}],"predecessor-version":[{"id":2229,"href":"https:\/\/diariodepernambuco.audiencelabs.com.br\/wp-json\/wp\/v2\/posts\/2228\/revisions\/2229"}],"wp:featuredmedia":[{"embeddable":true,"href":"https:\/\/diariodepernambuco.audiencelabs.com.br\/wp-json\/wp\/v2\/media\/1672"}],"wp:attachment":[{"href":"https:\/\/diariodepernambuco.audiencelabs.com.br\/wp-json\/wp\/v2\/media?parent=2228"}],"wp:term":[{"taxonomy":"category","embeddable":true,"href":"https:\/\/diariodepernambuco.audiencelabs.com.br\/wp-json\/wp\/v2\/categories?post=2228"},{"taxonomy":"post_tag","embeddable":true,"href":"https:\/\/diariodepernambuco.audiencelabs.com.br\/wp-json\/wp\/v2\/tags?post=2228"}],"curies":[{"name":"wp","href":"https:\/\/api.w.org\/{rel}","templated":true}]}}