{"id":22337,"date":"2026-03-26T17:53:00","date_gmt":"2026-03-26T20:53:00","guid":{"rendered":"https:\/\/diariodepernambuco.audiencelabs.com.br\/?p=22337"},"modified":"2026-03-25T13:50:04","modified_gmt":"2026-03-25T16:50:04","slug":"lucas-moura-prepara-as-malas-para-deixar-o-sao-paulo-segundo-jornalista","status":"publish","type":"post","link":"https:\/\/diariodepernambuco.audiencelabs.com.br\/lucas-moura-prepara-as-malas-para-deixar-o-sao-paulo-segundo-jornalista\/","title":{"rendered":"Lucas Moura prepara as malas para deixar o S\u00e3o Paulo, segundo jornalista"},"content":{"rendered":"\n<p>O futuro de Lucas Moura no S\u00e3o Paulo pode estar com os dias contados. De acordo com o jornalista Marcelo Baseggio, da Gazeta Esportiva, o meia-atacante j\u00e1 come\u00e7a a ser alvo de interesse internacional e pode deixar o Brasil nos pr\u00f3ximos anos. A informa\u00e7\u00e3o movimentou os bastidores do clube e chamou aten\u00e7\u00e3o da torcida tricolor.<\/p>\n\n\n\n<p>Segundo a apura\u00e7\u00e3o, a Major League Soccer aparece como o principal destino para o jogador a partir de 2027. A liga norte-americana surge como forte concorrente do S\u00e3o Paulo na tentativa de manter o atleta, oferecendo um mercado atrativo tanto financeiramente quanto em qualidade de vida. Esse cen\u00e1rio pode influenciar diretamente na decis\u00e3o do atleta.<\/p>\n\n\n\n<p>A possibilidade de transfer\u00eancia para os Estados Unidos n\u00e3o \u00e9 vista com surpresa nos bastidores do futebol. A MLS tem investido cada vez mais na contrata\u00e7\u00e3o de jogadores experientes, especialmente aqueles com passagem relevante pela Europa. Lucas Moura, que j\u00e1 atuou em alto n\u00edvel fora do pa\u00eds, se encaixa perfeitamente nesse perfil valorizado.<\/p>\n\n\n\n<p>Enquanto isso, o S\u00e3o Paulo acompanha a situa\u00e7\u00e3o com cautela e j\u00e1 come\u00e7a a pensar em estrat\u00e9gias para o futuro. A diretoria reconhece a import\u00e2ncia de Lucas Moura dentro e fora de campo, tanto pelo desempenho quanto pela lideran\u00e7a no elenco. Ainda assim, uma proposta vantajosa do exterior pode pesar e tornar a perman\u00eancia mais dif\u00edcil.<\/p>\n\n\n\n<h2 class=\"wp-block-heading\">Les\u00e3o muda cen\u00e1rio e preocupa planejamento do clube<\/h2>\n\n\n\n<p>O S\u00e3o Paulo ter\u00e1 um desfalque importante nas pr\u00f3ximas semanas. Lucas Moura sofreu fratura em duas costelas e deve ficar fora por at\u00e9 dois meses, com previs\u00e3o de retorno entre seis e oito semanas. A aus\u00eancia \u00e9 considerada significativa tanto dentro de campo quanto no ambiente do elenco.<\/p>\n\n\n\n<p>Al\u00e9m do impacto esportivo, a les\u00e3o tamb\u00e9m interfere diretamente no planejamento da diretoria. Segundo o clube, a situa\u00e7\u00e3o n\u00e3o altera, por enquanto, os planos de renova\u00e7\u00e3o, mas as conversas devem acontecer apenas ap\u00f3s a Copa do Mundo. O jogador prefere aguardar o momento ideal para definir seu futuro com mais calma.<\/p>\n\n\n\n<p><\/p>\n","protected":false},"excerpt":{"rendered":"<p>O futuro de Lucas Moura no S\u00e3o Paulo pode estar com os dias contados. De acordo com o jornalista Marcelo Baseggio, da Gazeta Esportiva, o meia-atacante j\u00e1 come\u00e7a a ser alvo de interesse internacional e pode deixar o Brasil nos pr\u00f3ximos anos. A informa\u00e7\u00e3o movimentou os bastidores do clube e chamou aten\u00e7\u00e3o da torcida tricolor. [&hellip;]<\/p>\n","protected":false},"author":4,"featured_media":22340,"comment_status":"open","ping_status":"open","sticky":false,"template":"","format":"standard","meta":{"jnews-multi-image_gallery":[],"jnews_single_post":{"format":"standard"},"jnews_primary_category":[],"jnews_social_meta":[],"jnews_post_split":[],"footnotes":""},"categories":[1],"tags":[],"class_list":["post-22337","post","type-post","status-publish","format-standard","has-post-thumbnail","hentry","category-uncategorized"],"_links":{"self":[{"href":"https:\/\/diariodepernambuco.audiencelabs.com.br\/wp-json\/wp\/v2\/posts\/22337","targetHints":{"allow":["GET"]}}],"collection":[{"href":"https:\/\/diariodepernambuco.audiencelabs.com.br\/wp-json\/wp\/v2\/posts"}],"about":[{"href":"https:\/\/diariodepernambuco.audiencelabs.com.br\/wp-json\/wp\/v2\/types\/post"}],"author":[{"embeddable":true,"href":"https:\/\/diariodepernambuco.audiencelabs.com.br\/wp-json\/wp\/v2\/users\/4"}],"replies":[{"embeddable":true,"href":"https:\/\/diariodepernambuco.audiencelabs.com.br\/wp-json\/wp\/v2\/comments?post=22337"}],"version-history":[{"count":3,"href":"https:\/\/diariodepernambuco.audiencelabs.com.br\/wp-json\/wp\/v2\/posts\/22337\/revisions"}],"predecessor-version":[{"id":22344,"href":"https:\/\/diariodepernambuco.audiencelabs.com.br\/wp-json\/wp\/v2\/posts\/22337\/revisions\/22344"}],"wp:featuredmedia":[{"embeddable":true,"href":"https:\/\/diariodepernambuco.audiencelabs.com.br\/wp-json\/wp\/v2\/media\/22340"}],"wp:attachment":[{"href":"https:\/\/diariodepernambuco.audiencelabs.com.br\/wp-json\/wp\/v2\/media?parent=22337"}],"wp:term":[{"taxonomy":"category","embeddable":true,"href":"https:\/\/diariodepernambuco.audiencelabs.com.br\/wp-json\/wp\/v2\/categories?post=22337"},{"taxonomy":"post_tag","embeddable":true,"href":"https:\/\/diariodepernambuco.audiencelabs.com.br\/wp-json\/wp\/v2\/tags?post=22337"}],"curies":[{"name":"wp","href":"https:\/\/api.w.org\/{rel}","templated":true}]}}