{"id":22367,"date":"2026-04-03T16:20:00","date_gmt":"2026-04-03T19:20:00","guid":{"rendered":"https:\/\/diariodepernambuco.audiencelabs.com.br\/?p=22367"},"modified":"2026-03-25T16:52:33","modified_gmt":"2026-03-25T19:52:33","slug":"uso-de-mascaras-voltou-a-ser-obrigatorio-nos-estabelecimentos-apos-ordem-do-ministerio-neste-pais","status":"publish","type":"post","link":"https:\/\/diariodepernambuco.audiencelabs.com.br\/uso-de-mascaras-voltou-a-ser-obrigatorio-nos-estabelecimentos-apos-ordem-do-ministerio-neste-pais\/","title":{"rendered":"Uso de m\u00e1scaras voltou a ser obrigat\u00f3rio nos estabelecimentos ap\u00f3s ordem do Minist\u00e9rio neste pa\u00eds"},"content":{"rendered":"\n<p>O uso de m\u00e1scaras voltou a ser obrigat\u00f3rio em determinados locais do Chile ap\u00f3s uma decis\u00e3o do Minist\u00e9rio da Sa\u00fade. A medida determina que todas as pessoas utilizem prote\u00e7\u00e3o facial ao entrar em servi\u00e7os de urg\u00eancia, tanto p\u00fablicos quanto privados, como forma de preven\u00e7\u00e3o contra doen\u00e7as respirat\u00f3rias.<\/p>\n\n\n\n<p>A obrigatoriedade passa a valer entre os meses mais cr\u00edticos do ano, geralmente do outono ao inverno, per\u00edodo em que h\u00e1 maior circula\u00e7\u00e3o de v\u00edrus como gripe e outras infec\u00e7\u00f5es respirat\u00f3rias. A decis\u00e3o foi tomada como parte de uma estrat\u00e9gia preventiva para evitar sobrecarga no sistema de sa\u00fade e reduzir o n\u00famero de interna\u00e7\u00f5es.<\/p>\n\n\n\n<p>Segundo as autoridades, a medida n\u00e3o se aplica a todos os ambientes, mas foca principalmente nos servi\u00e7os de emerg\u00eancia, onde h\u00e1 maior risco de transmiss\u00e3o. Pacientes, acompanhantes e profissionais de sa\u00fade devem seguir a regra, utilizando m\u00e1scaras que cubram corretamente nariz e boca.<\/p>\n\n\n\n<p>A retomada da obrigatoriedade refor\u00e7a a preocupa\u00e7\u00e3o com o aumento sazonal de doen\u00e7as respirat\u00f3rias. Mesmo ap\u00f3s o fim das medidas mais r\u00edgidas da pandemia, o governo chileno aposta em a\u00e7\u00f5es preventivas para proteger a popula\u00e7\u00e3o, especialmente os grupos mais vulner\u00e1veis durante os meses mais frios do ano.<\/p>\n\n\n\n<h2 class=\"wp-block-heading\">Medida preventiva foca em reduzir interna\u00e7\u00f5es<\/h2>\n\n\n\n<p>A decis\u00e3o do Minist\u00e9rio da Sa\u00fade do Chile tem como principal objetivo evitar a superlota\u00e7\u00e3o dos servi\u00e7os de urg\u00eancia durante os meses mais frios. Com o aumento de casos de doen\u00e7as respirat\u00f3rias, a utiliza\u00e7\u00e3o de m\u00e1scaras surge como uma forma simples e eficaz de conter a transmiss\u00e3o dentro de ambientes hospitalares.<\/p>\n\n\n\n<p>Especialistas refor\u00e7am que a medida tamb\u00e9m serve como alerta para a popula\u00e7\u00e3o manter h\u00e1bitos de preven\u00e7\u00e3o. Mesmo fora dos servi\u00e7os obrigat\u00f3rios, o uso de m\u00e1scara em locais fechados ou com grande circula\u00e7\u00e3o de pessoas pode ajudar a reduzir riscos, especialmente entre idosos, crian\u00e7as e pessoas com baixa imunidade.<\/p>\n\n\n\n<p><\/p>\n","protected":false},"excerpt":{"rendered":"<p>O uso de m\u00e1scaras voltou a ser obrigat\u00f3rio em determinados locais do Chile ap\u00f3s uma decis\u00e3o do Minist\u00e9rio da Sa\u00fade. A medida determina que todas as pessoas utilizem prote\u00e7\u00e3o facial ao entrar em servi\u00e7os de urg\u00eancia, tanto p\u00fablicos quanto privados, como forma de preven\u00e7\u00e3o contra doen\u00e7as respirat\u00f3rias. A obrigatoriedade passa a valer entre os meses [&hellip;]<\/p>\n","protected":false},"author":4,"featured_media":22371,"comment_status":"open","ping_status":"open","sticky":false,"template":"","format":"standard","meta":{"jnews-multi-image_gallery":[],"jnews_single_post":{"format":"standard"},"jnews_primary_category":[],"jnews_social_meta":[],"jnews_post_split":[],"footnotes":""},"categories":[1],"tags":[],"class_list":["post-22367","post","type-post","status-publish","format-standard","has-post-thumbnail","hentry","category-uncategorized"],"_links":{"self":[{"href":"https:\/\/diariodepernambuco.audiencelabs.com.br\/wp-json\/wp\/v2\/posts\/22367","targetHints":{"allow":["GET"]}}],"collection":[{"href":"https:\/\/diariodepernambuco.audiencelabs.com.br\/wp-json\/wp\/v2\/posts"}],"about":[{"href":"https:\/\/diariodepernambuco.audiencelabs.com.br\/wp-json\/wp\/v2\/types\/post"}],"author":[{"embeddable":true,"href":"https:\/\/diariodepernambuco.audiencelabs.com.br\/wp-json\/wp\/v2\/users\/4"}],"replies":[{"embeddable":true,"href":"https:\/\/diariodepernambuco.audiencelabs.com.br\/wp-json\/wp\/v2\/comments?post=22367"}],"version-history":[{"count":3,"href":"https:\/\/diariodepernambuco.audiencelabs.com.br\/wp-json\/wp\/v2\/posts\/22367\/revisions"}],"predecessor-version":[{"id":22375,"href":"https:\/\/diariodepernambuco.audiencelabs.com.br\/wp-json\/wp\/v2\/posts\/22367\/revisions\/22375"}],"wp:featuredmedia":[{"embeddable":true,"href":"https:\/\/diariodepernambuco.audiencelabs.com.br\/wp-json\/wp\/v2\/media\/22371"}],"wp:attachment":[{"href":"https:\/\/diariodepernambuco.audiencelabs.com.br\/wp-json\/wp\/v2\/media?parent=22367"}],"wp:term":[{"taxonomy":"category","embeddable":true,"href":"https:\/\/diariodepernambuco.audiencelabs.com.br\/wp-json\/wp\/v2\/categories?post=22367"},{"taxonomy":"post_tag","embeddable":true,"href":"https:\/\/diariodepernambuco.audiencelabs.com.br\/wp-json\/wp\/v2\/tags?post=22367"}],"curies":[{"name":"wp","href":"https:\/\/api.w.org\/{rel}","templated":true}]}}