{"id":2243,"date":"2025-09-01T08:00:00","date_gmt":"2025-09-01T11:00:00","guid":{"rendered":"https:\/\/diariodepernambuco.audiencelabs.com.br\/?p=2243"},"modified":"2025-08-31T14:30:12","modified_gmt":"2025-08-31T17:30:12","slug":"feriadinho-extra-e-inesperado-em-setembro-alegra-milhoes-de-brasileiros","status":"publish","type":"post","link":"https:\/\/diariodepernambuco.audiencelabs.com.br\/feriadinho-extra-e-inesperado-em-setembro-alegra-milhoes-de-brasileiros\/","title":{"rendered":"Feriadinho extra e inesperado em setembro alegra milh\u00f5es de brasileiros"},"content":{"rendered":"\n<p>Em setembro, o Brasil vivencia uma s\u00e9rie de feriados nacionais e municipais que moldam o ritmo das cidades. Entre eles, ganha destaque o dia 27 em Curitiba, no Paran\u00e1, quando se celebra Nossa Senhora da Luz dos Pinhais, padroeira da capital. A data, al\u00e9m de sua import\u00e2ncia religiosa, influencia diretamente a din\u00e2mica da cidade e da regi\u00e3o ao redor, alterando o cotidiano habitual.<\/p>\n\n\n\n<p>No mesmo m\u00eas, outras localidades tamb\u00e9m celebram momentos marcantes, como o anivers\u00e1rio da eleva\u00e7\u00e3o do Amazonas \u00e0 categoria de prov\u00edncia, lembrado em Manaus no dia 5. Essas comemora\u00e7\u00f5es, al\u00e9m de proporcionarem descanso e lazer, s\u00e3o ocasi\u00f5es para valorizar tradi\u00e7\u00f5es, fortalecer a identidade cultural e reafirmar o senso de pertencimento das comunidades brasileiras.<\/p>\n\n\n\n<p>Diversas cidades brasileiras celebram suas datas festivas, que carregam forte valor cultural. No dia 8, por exemplo, ocorre o anivers\u00e1rio de Vit\u00f3ria, no Esp\u00edrito Santo, acompanhado de comemora\u00e7\u00f5es em munic\u00edpios como Itapira (SP), Mafra (SC), Morretes (PR), Lagarto (SE), Sa\u00fade (BA), Santa Maria da Vit\u00f3ria (BA), Jaragu\u00e1 (GO) e S\u00e3o Paulo (SP).<\/p>\n\n\n\n<p>No Rio Grande do Sul, Ven\u00e2ncio Aires marca no dia 20 a Data Magna do estado. J\u00e1 em outras regi\u00f5es, como Manaus (AM) e Salin\u00f3polis (PA), o calend\u00e1rio do m\u00eas tamb\u00e9m reserva feriados de relev\u00e2ncia hist\u00f3rica e religiosa.<\/p>\n\n\n\n<h2 class=\"wp-block-heading\">Principais feriados municipais e nacionais de setembro<\/h2>\n\n\n\n<p><strong>5 de setembro:<br><\/strong>Manaus (AM): Comemora\u00e7\u00e3o da eleva\u00e7\u00e3o do Amazonas \u00e0 categoria de Prov\u00edncia<\/p>\n\n\n\n<p><strong>7 de setembro:<br><\/strong>Dia da Independ\u00eancia do Brasil (feriado nacional)<br>Curitiba (PR): Dia de Nossa Senhora da Luz dos Pinhais, padroeira da cidade<\/p>\n\n\n\n<p><strong>8 de setembro:<br><\/strong>Vit\u00f3ria (ES): Anivers\u00e1rio de funda\u00e7\u00e3o da cidade [Prefeitura de Vit\u00f3ria]<br>Itapira (SP): Dia de Nossa Senhora da Penha, padroeira local<br>Mafra (SC): Dia de Nossa Senhora da Natividade<br>Morretes (PR): Dia de Nossa Senhora do Porto<br>Lagarto (SE): Dia de Nossa Senhora da Vit\u00f3ria<br>Sa\u00fade (BA): Dia de Nossa Senhora da Vit\u00f3ria<br>Santa Maria da Vit\u00f3ria (BA): Dia de Nossa Senhora da Vit\u00f3ria<br>Cacul\u00e9 (BA): Dia do Sagrado Cora\u00e7\u00e3o de Jesus<br>Resende Costa (MG): Anivers\u00e1rio de emancipa\u00e7\u00e3o pol\u00edtica<br>Jaragu\u00e1 (GO): Dia de Nossa Senhora da Penha<br>S\u00e3o Gotardo (MG): Corpus Christi<br>S\u00e3o Paulo (SP): Dia de Nossa Senhora da Penha<\/p>\n\n\n\n<p><strong>13 de setembro:<br><\/strong>Salin\u00f3polis (PA): Dia de Nossa Senhora do Socorro, padroeira local<\/p>\n\n\n\n<p><strong>15 de setembro:<br><\/strong>S\u00e3o Gotardo (MG): Dia de Nossa Senhora da Abadia<\/p>\n\n\n\n<p><strong>20 de setembro:<br><\/strong>Ven\u00e2ncio Aires (RS): Data Magna do Estado do Rio Grande do Sul<\/p>\n\n\n\n<p><strong>27 de setembro:<br><\/strong>Curitiba (PR): Dia de Nossa Senhora da Luz dos Pinhais (feriado municipal)<\/p>\n\n\n\n<p><strong>29 de setembro:<br><\/strong>S\u00e3o Miguel (RN): Dia de S\u00e3o Miguel Arcanjo, padroeiro local<br>Ipojuca (PE): Dia de S\u00e3o Miguel Arcanjo<br>Santa Cruz do Capibaribe (PE): Dia de S\u00e3o Miguel Arcanjo<br>Guanh\u00e3es (MG): Dia de S\u00e3o Miguel Arcanjo<br>Jequitinhonha (MG): Dia de S\u00e3o Miguel Arcanjo<br>Nova Ponte (MG): Dia de S\u00e3o Miguel Arcanjo<br>Rio Piracicaba (MG): Dia de S\u00e3o Miguel Arcanjo<br>Santos Dumont (MG): Dia de S\u00e3o Miguel Arcanjo<br>Camocim (CE): Emancipa\u00e7\u00e3o pol\u00edtica<br>Resende (RJ): Anivers\u00e1rio da cidade<br>Vassouras (RJ): Anivers\u00e1rio da cidade<br>Valen\u00e7a (RJ): Anivers\u00e1rio da cidade<\/p>\n\n\n\n<p><strong>30 de setembro:<br><\/strong>Vi\u00e7osa (MG): Anivers\u00e1rio de emancipa\u00e7\u00e3o pol\u00edtica<\/p>\n\n\n\n<p><\/p>\n","protected":false},"excerpt":{"rendered":"<p>Em setembro, o Brasil vivencia uma s\u00e9rie de feriados nacionais e municipais que moldam o ritmo das cidades. Entre eles, ganha destaque o dia 27 em Curitiba, no Paran\u00e1, quando se celebra Nossa Senhora da Luz dos Pinhais, padroeira da capital. A data, al\u00e9m de sua import\u00e2ncia religiosa, influencia diretamente a din\u00e2mica da cidade e [&hellip;]<\/p>\n","protected":false},"author":4,"featured_media":2244,"comment_status":"open","ping_status":"open","sticky":false,"template":"","format":"standard","meta":{"jnews-multi-image_gallery":[],"jnews_single_post":{"format":"standard"},"jnews_primary_category":[],"jnews_social_meta":[],"jnews_post_split":[],"footnotes":""},"categories":[1],"tags":[],"class_list":["post-2243","post","type-post","status-publish","format-standard","has-post-thumbnail","hentry","category-uncategorized"],"_links":{"self":[{"href":"https:\/\/diariodepernambuco.audiencelabs.com.br\/wp-json\/wp\/v2\/posts\/2243","targetHints":{"allow":["GET"]}}],"collection":[{"href":"https:\/\/diariodepernambuco.audiencelabs.com.br\/wp-json\/wp\/v2\/posts"}],"about":[{"href":"https:\/\/diariodepernambuco.audiencelabs.com.br\/wp-json\/wp\/v2\/types\/post"}],"author":[{"embeddable":true,"href":"https:\/\/diariodepernambuco.audiencelabs.com.br\/wp-json\/wp\/v2\/users\/4"}],"replies":[{"embeddable":true,"href":"https:\/\/diariodepernambuco.audiencelabs.com.br\/wp-json\/wp\/v2\/comments?post=2243"}],"version-history":[{"count":2,"href":"https:\/\/diariodepernambuco.audiencelabs.com.br\/wp-json\/wp\/v2\/posts\/2243\/revisions"}],"predecessor-version":[{"id":2248,"href":"https:\/\/diariodepernambuco.audiencelabs.com.br\/wp-json\/wp\/v2\/posts\/2243\/revisions\/2248"}],"wp:featuredmedia":[{"embeddable":true,"href":"https:\/\/diariodepernambuco.audiencelabs.com.br\/wp-json\/wp\/v2\/media\/2244"}],"wp:attachment":[{"href":"https:\/\/diariodepernambuco.audiencelabs.com.br\/wp-json\/wp\/v2\/media?parent=2243"}],"wp:term":[{"taxonomy":"category","embeddable":true,"href":"https:\/\/diariodepernambuco.audiencelabs.com.br\/wp-json\/wp\/v2\/categories?post=2243"},{"taxonomy":"post_tag","embeddable":true,"href":"https:\/\/diariodepernambuco.audiencelabs.com.br\/wp-json\/wp\/v2\/tags?post=2243"}],"curies":[{"name":"wp","href":"https:\/\/api.w.org\/{rel}","templated":true}]}}