{"id":2254,"date":"2025-09-01T10:30:00","date_gmt":"2025-09-01T13:30:00","guid":{"rendered":"https:\/\/diariodepernambuco.audiencelabs.com.br\/?p=2254"},"modified":"2025-08-31T21:12:23","modified_gmt":"2025-09-01T00:12:23","slug":"lula-descarta-terceira-via-nas-eleicoes-de-2026","status":"publish","type":"post","link":"https:\/\/diariodepernambuco.audiencelabs.com.br\/lula-descarta-terceira-via-nas-eleicoes-de-2026\/","title":{"rendered":"Lula descarta terceira via nas elei\u00e7\u00f5es de 2026"},"content":{"rendered":"\n<p>O presidente Luiz In\u00e1cio Lula da Silva (PT) declarou, na \u00faltima quinta-feira (28\/8), que n\u00e3o haver\u00e1 espa\u00e7o para uma \u201cterceira via\u201d nas elei\u00e7\u00f5es presidenciais de 2026. Ele tamb\u00e9m afirmou considerar positivo o fato de a direita apresentar m\u00faltiplos candidatos na disputa.<\/p>\n\n\n\n<p>Ao analisar o cen\u00e1rio para o pr\u00f3ximo ano, o presidente destacou que os candidatos ter\u00e3o de definir claramente de que lado est\u00e3o. Acrescentou ainda que s\u00f3 deixar\u00e1 de concorrer caso sua sa\u00fade n\u00e3o permita. Em outubro deste ano, Lula completa 80 anos de idade.<\/p>\n\n\n\n<p>\u201cAs elei\u00e7\u00f5es v\u00e3o ser polarizadas, e \u00e9 bom. Sabe por qu\u00ea? Porque no mundo inteiro, quando tem dois candidatos, ela (a elei\u00e7\u00e3o) \u00e9 polarizada. No mundo inteiro, ela \u00e9 polarizada. Ent\u00e3o, vamos disputar. Acho que n\u00e3o vai ter espa\u00e7o para uma terceira via. N\u00e3o h\u00e1 espa\u00e7o. Ou seja, as pessoas v\u00e3o ter que escolher o lado em que v\u00e3o estar\u201d, disse o presidente ao programa Balan\u00e7o Geral MG, da TV Record.<\/p>\n\n\n\n<p>Na entrevista, Lula tamb\u00e9m foi indagado sobre o elevado n\u00famero de poss\u00edveis candidaturas da direita \u00e0 Presid\u00eancia, entre elas as dos governadores Romeu Zema (Novo), de Minas Gerais; Tarc\u00edsio de Freitas (Republicanos), de S\u00e3o Paulo; e Ronaldo Caiado (Uni\u00e3o), de Goi\u00e1s.<\/p>\n\n\n\n<p>&#8220;Eu tamb\u00e9m acho melhor. Quanto mais eles tiverem candidatos, melhor. Ali\u00e1s, o Brasil precisa de muitos candidatos. N\u00e3o \u00e9 a primeira elei\u00e7\u00e3o que eu disputo com muitos candidatos. Eu s\u00f3 sou presidente porque eu teimei, eu fui candidato. Ent\u00e3o eles que saiam candidatos. Eles precisam virar lideran\u00e7a nacional&#8221;, afirmou.<\/p>\n\n\n\n<h2 class=\"wp-block-heading\">Lula atacou governador de S\u00e3o Paulo<\/h2>\n\n\n\n<p>O presidente Lula (PT) declarou que o governador de S\u00e3o Paulo, Tarc\u00edsio de Freitas (Republicanos), n\u00e3o teria express\u00e3o pol\u00edtica sem o apoio de Jair Bolsonaro (PL) e que seguir\u00e1 as orienta\u00e7\u00f5es do ex-presidente. Nas \u00faltimas semanas, a press\u00e3o para que o centr\u00e3o se una em torno da candidatura do paulista \u00e0 Presid\u00eancia tem se intensificado.<\/p>\n\n\n\n<p>&#8220;N\u00f3s temos que reconhecer que o Bolsonaro tem uma for\u00e7a no setor de extrema direita muito forte. O Tarc\u00edsio vai fazer o que o Bolsonaro quiser. At\u00e9 porque, sem o Bolsonaro, ele n\u00e3o \u00e9 nada. Ele sabe disso&#8221;, afirmou Lula em entrevista \u00e0 r\u00e1dio Itatiaia.<\/p>\n\n\n\n<p><\/p>\n","protected":false},"excerpt":{"rendered":"<p>O presidente Luiz In\u00e1cio Lula da Silva (PT) declarou, na \u00faltima quinta-feira (28\/8), que n\u00e3o haver\u00e1 espa\u00e7o para uma \u201cterceira via\u201d nas elei\u00e7\u00f5es presidenciais de 2026. Ele tamb\u00e9m afirmou considerar positivo o fato de a direita apresentar m\u00faltiplos candidatos na disputa. Ao analisar o cen\u00e1rio para o pr\u00f3ximo ano, o presidente destacou que os candidatos [&hellip;]<\/p>\n","protected":false},"author":4,"featured_media":1032,"comment_status":"open","ping_status":"open","sticky":false,"template":"","format":"standard","meta":{"jnews-multi-image_gallery":[],"jnews_single_post":{"format":"standard"},"jnews_primary_category":[],"jnews_social_meta":[],"jnews_post_split":[],"footnotes":""},"categories":[1],"tags":[],"class_list":["post-2254","post","type-post","status-publish","format-standard","has-post-thumbnail","hentry","category-uncategorized"],"_links":{"self":[{"href":"https:\/\/diariodepernambuco.audiencelabs.com.br\/wp-json\/wp\/v2\/posts\/2254","targetHints":{"allow":["GET"]}}],"collection":[{"href":"https:\/\/diariodepernambuco.audiencelabs.com.br\/wp-json\/wp\/v2\/posts"}],"about":[{"href":"https:\/\/diariodepernambuco.audiencelabs.com.br\/wp-json\/wp\/v2\/types\/post"}],"author":[{"embeddable":true,"href":"https:\/\/diariodepernambuco.audiencelabs.com.br\/wp-json\/wp\/v2\/users\/4"}],"replies":[{"embeddable":true,"href":"https:\/\/diariodepernambuco.audiencelabs.com.br\/wp-json\/wp\/v2\/comments?post=2254"}],"version-history":[{"count":2,"href":"https:\/\/diariodepernambuco.audiencelabs.com.br\/wp-json\/wp\/v2\/posts\/2254\/revisions"}],"predecessor-version":[{"id":2257,"href":"https:\/\/diariodepernambuco.audiencelabs.com.br\/wp-json\/wp\/v2\/posts\/2254\/revisions\/2257"}],"wp:featuredmedia":[{"embeddable":true,"href":"https:\/\/diariodepernambuco.audiencelabs.com.br\/wp-json\/wp\/v2\/media\/1032"}],"wp:attachment":[{"href":"https:\/\/diariodepernambuco.audiencelabs.com.br\/wp-json\/wp\/v2\/media?parent=2254"}],"wp:term":[{"taxonomy":"category","embeddable":true,"href":"https:\/\/diariodepernambuco.audiencelabs.com.br\/wp-json\/wp\/v2\/categories?post=2254"},{"taxonomy":"post_tag","embeddable":true,"href":"https:\/\/diariodepernambuco.audiencelabs.com.br\/wp-json\/wp\/v2\/tags?post=2254"}],"curies":[{"name":"wp","href":"https:\/\/api.w.org\/{rel}","templated":true}]}}