{"id":2271,"date":"2025-09-02T09:30:00","date_gmt":"2025-09-02T12:30:00","guid":{"rendered":"https:\/\/diariodepernambuco.audiencelabs.com.br\/?p=2271"},"modified":"2025-09-01T08:03:23","modified_gmt":"2025-09-01T11:03:23","slug":"pagamentos-que-foram-congelados-na-pandemia-acabam-de-serem-liberados","status":"publish","type":"post","link":"https:\/\/diariodepernambuco.audiencelabs.com.br\/pagamentos-que-foram-congelados-na-pandemia-acabam-de-serem-liberados\/","title":{"rendered":"Pagamentos que foram congelados na pandemia acabam de serem liberados"},"content":{"rendered":"\n<p>Na \u00faltima semana, a C\u00e2mara dos Deputados aprovou o Projeto de Lei Complementar (PLP) 143\/2020, que autoriza estados, munic\u00edpios e o Distrito Federal a regularizarem o pagamento de benef\u00edcios e progress\u00f5es de servidores que tiveram esses direitos suspensos durante a pandemia. A proposta segue agora para an\u00e1lise do Senado Federal.<\/p>\n\n\n\n<p>A proposta abrange pagamentos retroativos relacionados a progress\u00f5es, anu\u00eanios, tri\u00eanios, quinqu\u00eanios, sexta-parte, licen\u00e7a-pr\u00eamio e benef\u00edcios semelhantes, autorizando os entes federativos a regularizar a situa\u00e7\u00e3o sem transferir encargos para outras gest\u00f5es.<\/p>\n\n\n\n<p>O projeto altera a Lei Complementar 173, de maio de 2020, sancionada no governo de Jair Bolsonaro, que condicionou o repasse de recursos federais para o enfrentamento da pandemia ao congelamento de sal\u00e1rios. Enquanto a lei esteve em vigor, estados e munic\u00edpios ficaram impedidos de:<\/p>\n\n\n\n<ul class=\"wp-block-list\">\n<li>Corrigir vencimentos de servidores;<\/li>\n\n\n\n<li>Criar novos cargos p\u00fablicos;<\/li>\n\n\n\n<li>Promover concursos p\u00fablicos;<\/li>\n\n\n\n<li>Conceder progress\u00f5es e benef\u00edcios relacionados ao tempo de servi\u00e7o.<\/li>\n<\/ul>\n\n\n\n<p>O principal objetivo da medida foi garantir que os recursos destinados ao combate \u00e0 Covid-19 fossem utilizados de forma direta, evitando aumento de despesas com pessoal. No entanto, gerou insatisfa\u00e7\u00e3o entre os servidores, que tiveram seus direitos suspensos. A relatora da proposta, deputada Socorro Neri (PP-AC), ressaltou que a iniciativa pretende reparar uma injusti\u00e7a hist\u00f3rica.<\/p>\n\n\n\n<h2 class=\"wp-block-heading\">Pr\u00f3ximos passos ao PLP 143\/2020<\/h2>\n\n\n\n<p>Com a aprova\u00e7\u00e3o na C\u00e2mara, o PLP 143\/2020 seguir\u00e1 agora para an\u00e1lise no Senado. Caso seja aprovado, estados e munic\u00edpios poder\u00e3o come\u00e7ar a programar os pagamentos, embora a execu\u00e7\u00e3o dependa de decis\u00f5es internas de cada ente federativo.<\/p>\n\n\n\n<p><strong>Poss\u00edveis cen\u00e1rios<\/strong><\/p>\n\n\n\n<ul class=\"wp-block-list\">\n<li>Implementa\u00e7\u00e3o imediata: alguns estados podem priorizar o pagamento retroativo, dependendo da disponibilidade de recursos.<\/li>\n\n\n\n<li>Implementa\u00e7\u00e3o gradual: outros podem optar por parcelar os pagamentos ou priorizar categorias espec\u00edficas de servidores.<\/li>\n\n\n\n<li>N\u00e3o implementa\u00e7\u00e3o: entes com dificuldades financeiras podem decidir n\u00e3o realizar os pagamentos, respeitando o car\u00e1ter autorizativo do projeto.<\/li>\n<\/ul>\n","protected":false},"excerpt":{"rendered":"<p>Na \u00faltima semana, a C\u00e2mara dos Deputados aprovou o Projeto de Lei Complementar (PLP) 143\/2020, que autoriza estados, munic\u00edpios e o Distrito Federal a regularizarem o pagamento de benef\u00edcios e progress\u00f5es de servidores que tiveram esses direitos suspensos durante a pandemia. A proposta segue agora para an\u00e1lise do Senado Federal. A proposta abrange pagamentos retroativos [&hellip;]<\/p>\n","protected":false},"author":4,"featured_media":1536,"comment_status":"open","ping_status":"open","sticky":false,"template":"","format":"standard","meta":{"jnews-multi-image_gallery":[],"jnews_single_post":{"format":"standard"},"jnews_primary_category":[],"jnews_social_meta":[],"jnews_post_split":[],"footnotes":""},"categories":[1],"tags":[],"class_list":["post-2271","post","type-post","status-publish","format-standard","has-post-thumbnail","hentry","category-uncategorized"],"_links":{"self":[{"href":"https:\/\/diariodepernambuco.audiencelabs.com.br\/wp-json\/wp\/v2\/posts\/2271","targetHints":{"allow":["GET"]}}],"collection":[{"href":"https:\/\/diariodepernambuco.audiencelabs.com.br\/wp-json\/wp\/v2\/posts"}],"about":[{"href":"https:\/\/diariodepernambuco.audiencelabs.com.br\/wp-json\/wp\/v2\/types\/post"}],"author":[{"embeddable":true,"href":"https:\/\/diariodepernambuco.audiencelabs.com.br\/wp-json\/wp\/v2\/users\/4"}],"replies":[{"embeddable":true,"href":"https:\/\/diariodepernambuco.audiencelabs.com.br\/wp-json\/wp\/v2\/comments?post=2271"}],"version-history":[{"count":2,"href":"https:\/\/diariodepernambuco.audiencelabs.com.br\/wp-json\/wp\/v2\/posts\/2271\/revisions"}],"predecessor-version":[{"id":2273,"href":"https:\/\/diariodepernambuco.audiencelabs.com.br\/wp-json\/wp\/v2\/posts\/2271\/revisions\/2273"}],"wp:featuredmedia":[{"embeddable":true,"href":"https:\/\/diariodepernambuco.audiencelabs.com.br\/wp-json\/wp\/v2\/media\/1536"}],"wp:attachment":[{"href":"https:\/\/diariodepernambuco.audiencelabs.com.br\/wp-json\/wp\/v2\/media?parent=2271"}],"wp:term":[{"taxonomy":"category","embeddable":true,"href":"https:\/\/diariodepernambuco.audiencelabs.com.br\/wp-json\/wp\/v2\/categories?post=2271"},{"taxonomy":"post_tag","embeddable":true,"href":"https:\/\/diariodepernambuco.audiencelabs.com.br\/wp-json\/wp\/v2\/tags?post=2271"}],"curies":[{"name":"wp","href":"https:\/\/api.w.org\/{rel}","templated":true}]}}