{"id":22738,"date":"2026-04-03T12:12:00","date_gmt":"2026-04-03T15:12:00","guid":{"rendered":"https:\/\/diariodepernambuco.audiencelabs.com.br\/?p=22738"},"modified":"2026-03-27T18:07:59","modified_gmt":"2026-03-27T21:07:59","slug":"calendario-foi-atualizado-e-ultimo-dia-da-pascoa-sera-8-de-abril","status":"publish","type":"post","link":"https:\/\/diariodepernambuco.audiencelabs.com.br\/calendario-foi-atualizado-e-ultimo-dia-da-pascoa-sera-8-de-abril\/","title":{"rendered":"Calend\u00e1rio foi atualizado e \u00faltimo dia da P\u00e1scoa ser\u00e1 8 de abril"},"content":{"rendered":"\n<p>Voc\u00ea sabe por que a P\u00e1scoa n\u00e3o tem um dia fixo no calend\u00e1rio, mudando todos os anos? Isso acontece porque a data \u00e9 definida a partir de ciclos da Lua e das esta\u00e7\u00f5es, seguindo regra estabelecida pelo Conc\u00edlio de Niceia em 325 d.C. Neste ano, a P\u00e1scoa ser\u00e1 no dia 5 de abril, seguindo essa l\u00f3gica que j\u00e1 existe h\u00e1 muito tempo.<\/p>\n\n\n\n<h2 class=\"wp-block-heading\">Por que a P\u00e1scoa vai at\u00e9 o dia 8 para alguns<\/h2>\n\n\n\n<p>A diferen\u00e7a no fim da P\u00e1scoa acontece por causa das tradi\u00e7\u00f5es seguidas por cada comunidade. No calend\u00e1rio judaico, que orienta essa celebra\u00e7\u00e3o, os dias podem ter dura\u00e7\u00f5es diferentes dependendo do costume.<\/p>\n\n\n\n<p>Em Israel e em algumas comunidades, a festa dura sete dias. J\u00e1 em grupos mais tradicionais que vivem fora de Israel, a comemora\u00e7\u00e3o pode se estender por oito dias. \u00c9 por isso que, em certos casos, o encerramento acontece no dia 8 de abril, enquanto em outros pode terminar antes.<\/p>\n\n\n\n<h2 class=\"wp-block-heading\">Tradi\u00e7\u00f5es e jeito brasileiro de celebrar<\/h2>\n\n\n\n<p>Em v\u00e1rios pa\u00edses, muitas fam\u00edlias celebram a P\u00e1scoa se reunindo, principalmente no in\u00edcio da celebra\u00e7\u00e3o, para realizar refei\u00e7\u00f5es. Esses momentos costumam incluir pratos t\u00edpicos e rituais que passam de gera\u00e7\u00e3o para gera\u00e7\u00e3o.<\/p>\n\n\n\n<p>No Brasil, para muitas pessoas a P\u00e1scoa \u00e9 um per\u00edodo de reflex\u00e3o, mas tamb\u00e9m de conviv\u00eancia com a fam\u00edlia. Na Sexta-feira Santa, \u00e9 comum comer peixe em vez de carne vermelha e o ovo de chocolate \u00e9 um dos itens mais conhecidos da P\u00e1scoa brasileira, principalmente para as crian\u00e7as.<\/p>\n\n\n\n<p>Al\u00e9m disso, cada regi\u00e3o pode ter seus pr\u00f3prios pratos e maneiras de celebrar, o que deixa tudo mais diverso e especial.<\/p>\n","protected":false},"excerpt":{"rendered":"<p>Voc\u00ea sabe por que a P\u00e1scoa n\u00e3o tem um dia fixo no calend\u00e1rio, mudando todos os anos? Isso acontece porque a data \u00e9 definida a partir de ciclos da Lua e das esta\u00e7\u00f5es, seguindo regra estabelecida pelo Conc\u00edlio de Niceia em 325 d.C. Neste ano, a P\u00e1scoa ser\u00e1 no dia 5 de abril, seguindo essa [&hellip;]<\/p>\n","protected":false},"author":17,"featured_media":22742,"comment_status":"open","ping_status":"open","sticky":false,"template":"","format":"standard","meta":{"jnews-multi-image_gallery":[],"jnews_single_post":{"format":"standard"},"jnews_primary_category":[],"jnews_social_meta":[],"jnews_post_split":[],"footnotes":""},"categories":[1],"tags":[],"class_list":["post-22738","post","type-post","status-publish","format-standard","has-post-thumbnail","hentry","category-uncategorized"],"_links":{"self":[{"href":"https:\/\/diariodepernambuco.audiencelabs.com.br\/wp-json\/wp\/v2\/posts\/22738","targetHints":{"allow":["GET"]}}],"collection":[{"href":"https:\/\/diariodepernambuco.audiencelabs.com.br\/wp-json\/wp\/v2\/posts"}],"about":[{"href":"https:\/\/diariodepernambuco.audiencelabs.com.br\/wp-json\/wp\/v2\/types\/post"}],"author":[{"embeddable":true,"href":"https:\/\/diariodepernambuco.audiencelabs.com.br\/wp-json\/wp\/v2\/users\/17"}],"replies":[{"embeddable":true,"href":"https:\/\/diariodepernambuco.audiencelabs.com.br\/wp-json\/wp\/v2\/comments?post=22738"}],"version-history":[{"count":1,"href":"https:\/\/diariodepernambuco.audiencelabs.com.br\/wp-json\/wp\/v2\/posts\/22738\/revisions"}],"predecessor-version":[{"id":22743,"href":"https:\/\/diariodepernambuco.audiencelabs.com.br\/wp-json\/wp\/v2\/posts\/22738\/revisions\/22743"}],"wp:featuredmedia":[{"embeddable":true,"href":"https:\/\/diariodepernambuco.audiencelabs.com.br\/wp-json\/wp\/v2\/media\/22742"}],"wp:attachment":[{"href":"https:\/\/diariodepernambuco.audiencelabs.com.br\/wp-json\/wp\/v2\/media?parent=22738"}],"wp:term":[{"taxonomy":"category","embeddable":true,"href":"https:\/\/diariodepernambuco.audiencelabs.com.br\/wp-json\/wp\/v2\/categories?post=22738"},{"taxonomy":"post_tag","embeddable":true,"href":"https:\/\/diariodepernambuco.audiencelabs.com.br\/wp-json\/wp\/v2\/tags?post=22738"}],"curies":[{"name":"wp","href":"https:\/\/api.w.org\/{rel}","templated":true}]}}