{"id":22749,"date":"2026-04-03T20:01:00","date_gmt":"2026-04-03T23:01:00","guid":{"rendered":"https:\/\/diariodepernambuco.audiencelabs.com.br\/?p=22749"},"modified":"2026-03-27T21:06:50","modified_gmt":"2026-03-28T00:06:50","slug":"o-que-jesus-quis-dizer-com-meu-deus-meu-deus-por-que-me-abandonaste","status":"publish","type":"post","link":"https:\/\/diariodepernambuco.audiencelabs.com.br\/o-que-jesus-quis-dizer-com-meu-deus-meu-deus-por-que-me-abandonaste\/","title":{"rendered":"O que Jesus quis dizer com \u201cMeu Deus, meu Deus, por que me abandonaste\u201d?"},"content":{"rendered":"\n<p>A frase \u201cMeu Deus, meu Deus, por que me abandonaste?\u201d \u00e9 uma das declara\u00e7\u00f5es mais marcantes de Jesus durante sua crucifica\u00e7\u00e3o. Registrada nos Evangelhos, especialmente em Evangelho de Mateus e Evangelho de Marcos, ela revela um momento de profunda dor e sofrimento. \u00c0 primeira vista, pode parecer um grito de desespero, mas seu significado vai muito al\u00e9m disso.<\/p>\n\n\n\n<p>Essa express\u00e3o, na verdade, \u00e9 uma cita\u00e7\u00e3o direta do Salmo 22, um texto que come\u00e7a com um clamor de ang\u00fastia, mas termina com esperan\u00e7a e vit\u00f3ria. Ao pronunciar essas palavras, Jesus Cristo n\u00e3o apenas expressava sua dor humana, mas tamb\u00e9m apontava para o cumprimento das Escrituras, mostrando que tudo aquilo j\u00e1 havia sido anunciado.<\/p>\n\n\n\n<p>Do ponto de vista teol\u00f3gico, muitos estudiosos interpretam essa frase como o momento em que Jesus assumiu os pecados da humanidade, experimentando uma sensa\u00e7\u00e3o de separa\u00e7\u00e3o de Deus. Isso n\u00e3o significa que Deus realmente o abandonou, mas sim que ele carregava sobre si o peso do pecado, algo que, segundo a f\u00e9 crist\u00e3, cria dist\u00e2ncia entre o homem e Deus.<\/p>\n\n\n\n<p>Ao mesmo tempo, a declara\u00e7\u00e3o tamb\u00e9m refor\u00e7a a humanidade de Jesus, que, mesmo sendo considerado divino, sentiu dor, ang\u00fastia e solid\u00e3o. Essa passagem \u00e9 vista por muitos como um dos momentos mais profundos da crucifica\u00e7\u00e3o, pois revela tanto o sofrimento quanto a miss\u00e3o espiritual que ele estava cumprindo.<\/p>\n\n\n\n<h2 class=\"wp-block-heading\">Um clamor de dor que tamb\u00e9m carrega esperan\u00e7a<\/h2>\n\n\n\n<p>Apesar de transmitir um sentimento intenso de sofrimento, a fala de Jesus Cristo tamb\u00e9m aponta para uma mensagem de esperan\u00e7a. Isso porque, ao citar o Salmo 22, ele remete a um texto que come\u00e7a com dor, mas termina com confian\u00e7a em Deus e vit\u00f3ria. Dessa forma, a declara\u00e7\u00e3o n\u00e3o representa apenas abandono, mas tamb\u00e9m f\u00e9 em meio \u00e0 prova\u00e7\u00e3o.<\/p>\n\n\n\n<p>Essa interpreta\u00e7\u00e3o mostra que, mesmo nos momentos mais dif\u00edceis, a mensagem central permanece sendo de confian\u00e7a e prop\u00f3sito. Para os crist\u00e3os, essa passagem refor\u00e7a a ideia de que o sofrimento de Jesus tinha um significado maior, ligado \u00e0 reden\u00e7\u00e3o da humanidade. Assim, o que parece um grito de desespero tamb\u00e9m pode ser entendido como parte de um plano espiritual mais amplo.<\/p>\n\n\n\n<p><\/p>\n","protected":false},"excerpt":{"rendered":"<p>A frase \u201cMeu Deus, meu Deus, por que me abandonaste?\u201d \u00e9 uma das declara\u00e7\u00f5es mais marcantes de Jesus durante sua crucifica\u00e7\u00e3o. Registrada nos Evangelhos, especialmente em Evangelho de Mateus e Evangelho de Marcos, ela revela um momento de profunda dor e sofrimento. \u00c0 primeira vista, pode parecer um grito de desespero, mas seu significado vai [&hellip;]<\/p>\n","protected":false},"author":4,"featured_media":22752,"comment_status":"open","ping_status":"open","sticky":false,"template":"","format":"standard","meta":{"jnews-multi-image_gallery":[],"jnews_single_post":{"format":"standard"},"jnews_primary_category":[],"jnews_social_meta":[],"jnews_post_split":[],"footnotes":""},"categories":[1],"tags":[],"class_list":["post-22749","post","type-post","status-publish","format-standard","has-post-thumbnail","hentry","category-uncategorized"],"_links":{"self":[{"href":"https:\/\/diariodepernambuco.audiencelabs.com.br\/wp-json\/wp\/v2\/posts\/22749","targetHints":{"allow":["GET"]}}],"collection":[{"href":"https:\/\/diariodepernambuco.audiencelabs.com.br\/wp-json\/wp\/v2\/posts"}],"about":[{"href":"https:\/\/diariodepernambuco.audiencelabs.com.br\/wp-json\/wp\/v2\/types\/post"}],"author":[{"embeddable":true,"href":"https:\/\/diariodepernambuco.audiencelabs.com.br\/wp-json\/wp\/v2\/users\/4"}],"replies":[{"embeddable":true,"href":"https:\/\/diariodepernambuco.audiencelabs.com.br\/wp-json\/wp\/v2\/comments?post=22749"}],"version-history":[{"count":3,"href":"https:\/\/diariodepernambuco.audiencelabs.com.br\/wp-json\/wp\/v2\/posts\/22749\/revisions"}],"predecessor-version":[{"id":22754,"href":"https:\/\/diariodepernambuco.audiencelabs.com.br\/wp-json\/wp\/v2\/posts\/22749\/revisions\/22754"}],"wp:featuredmedia":[{"embeddable":true,"href":"https:\/\/diariodepernambuco.audiencelabs.com.br\/wp-json\/wp\/v2\/media\/22752"}],"wp:attachment":[{"href":"https:\/\/diariodepernambuco.audiencelabs.com.br\/wp-json\/wp\/v2\/media?parent=22749"}],"wp:term":[{"taxonomy":"category","embeddable":true,"href":"https:\/\/diariodepernambuco.audiencelabs.com.br\/wp-json\/wp\/v2\/categories?post=22749"},{"taxonomy":"post_tag","embeddable":true,"href":"https:\/\/diariodepernambuco.audiencelabs.com.br\/wp-json\/wp\/v2\/tags?post=22749"}],"curies":[{"name":"wp","href":"https:\/\/api.w.org\/{rel}","templated":true}]}}