{"id":2279,"date":"2025-09-02T11:30:00","date_gmt":"2025-09-02T14:30:00","guid":{"rendered":"https:\/\/diariodepernambuco.audiencelabs.com.br\/?p=2279"},"modified":"2025-09-01T08:20:09","modified_gmt":"2025-09-01T11:20:09","slug":"fim-da-internet-no-mundo-por-tempo-indeterminado-como-aconteceria","status":"publish","type":"post","link":"https:\/\/diariodepernambuco.audiencelabs.com.br\/fim-da-internet-no-mundo-por-tempo-indeterminado-como-aconteceria\/","title":{"rendered":"Fim da Internet no mundo por tempo indeterminado: como aconteceria?"},"content":{"rendered":"\n<p>Nos \u00faltimos anos, a comunidade cient\u00edfica tem manifestado preocupa\u00e7\u00e3o com os poss\u00edveis efeitos das tempestades solares intensas sobre a infraestrutura global. Especialistas alertam que, at\u00e9 o fim de 2025, um aumento expressivo da atividade solar pode provocar eventos capazes de afetar seriamente as redes el\u00e9tricas e as comunica\u00e7\u00f5es em todo o mundo.<\/p>\n\n\n\n<p>As tempestades solares ocorrem devido a explos\u00f5es na superf\u00edcie do Sol que liberam massas coronais em dire\u00e7\u00e3o \u00e0 Terra. Quando essas part\u00edculas carregadas interagem com o campo magn\u00e9tico do planeta, podem gerar tempestades geomagn\u00e9ticas, capazes de interromper sistemas de comunica\u00e7\u00e3o e danificar instala\u00e7\u00f5es el\u00e9tricas.<\/p>\n\n\n\n<p>Durante uma emiss\u00e3o de massa coronal (EMC), o Sol libera grandes quantidades de g\u00e1s ionizado em temperaturas extremamente elevadas. Esse fen\u00f4meno ocorre na coroa solar e, ao alcan\u00e7ar a Terra, pode gerar tempestades geomagn\u00e9ticas, capazes de afetar sat\u00e9lites, redes de energia el\u00e9trica e at\u00e9 a internet.<\/p>\n\n\n\n<p>O ciclo solar, com dura\u00e7\u00e3o aproximada de 11 anos, alterna per\u00edodos de atividade m\u00ednima e m\u00e1xima. Durante o m\u00e1ximo solar, a intensidade da atividade solar aumenta, elevando a probabilidade de tempestades significativas. Cientistas monitoram manchas e erup\u00e7\u00f5es solares para prever esses eventos com anteced\u00eancia, geralmente de dois a quatro dias.<\/p>\n\n\n\n<p>O impacto de uma tempestade solar extrema pode ser severo. Em 1859, a chamada \u201cTempestade de Carrington\u201d provocou falhas generalizadas nos sistemas telegr\u00e1ficos ao redor do mundo. Atualmente, a maior depend\u00eancia de redes el\u00e9tricas e da internet torna a sociedade ainda mais suscet\u00edvel a esse tipo de evento.<\/p>\n\n\n\n<h2 class=\"wp-block-heading\">Como ocorre uma tempestade solar<\/h2>\n\n\n\n<ol class=\"wp-block-list\">\n<li>Erup\u00e7\u00f5es solares e manchas solares: Na superf\u00edcie do Sol, \u00e1reas chamadas manchas solares apresentam intensa atividade magn\u00e9tica. Nessas regi\u00f5es, podem ocorrer erup\u00e7\u00f5es solares (explos\u00f5es de energia) que lan\u00e7am radia\u00e7\u00e3o e part\u00edculas para o espa\u00e7o.<\/li>\n\n\n\n<li>Emiss\u00e3o de Massa Coronal (EMC): Muitas vezes, essas erup\u00e7\u00f5es s\u00e3o acompanhadas por uma emiss\u00e3o de massa coronal, em que enormes quantidades de g\u00e1s ionizado s\u00e3o expelidas da coroa solar em alt\u00edssima temperatura.<\/li>\n\n\n\n<li>Viagem pelo espa\u00e7o: As part\u00edculas carregadas seguem pelo espa\u00e7o em dire\u00e7\u00e3o \u00e0 Terra. Dependendo da intensidade e da dire\u00e7\u00e3o, podem alcan\u00e7ar nosso planeta em um per\u00edodo que varia de horas a dias.<\/li>\n\n\n\n<li>Intera\u00e7\u00e3o com o campo magn\u00e9tico da Terra: Ao chegar, essas part\u00edculas interagem com o campo magn\u00e9tico terrestre, provocando tempestades geomagn\u00e9ticas.<\/li>\n\n\n\n<li>Efeitos na Terra: Essas tempestades podem gerar auroras, interferir em sat\u00e9lites, afetar redes el\u00e9tricas, sistemas de comunica\u00e7\u00e3o e at\u00e9 a internet, dependendo da intensidade do evento.<\/li>\n<\/ol>\n","protected":false},"excerpt":{"rendered":"<p>Nos \u00faltimos anos, a comunidade cient\u00edfica tem manifestado preocupa\u00e7\u00e3o com os poss\u00edveis efeitos das tempestades solares intensas sobre a infraestrutura global. Especialistas alertam que, at\u00e9 o fim de 2025, um aumento expressivo da atividade solar pode provocar eventos capazes de afetar seriamente as redes el\u00e9tricas e as comunica\u00e7\u00f5es em todo o mundo. As tempestades solares [&hellip;]<\/p>\n","protected":false},"author":4,"featured_media":2280,"comment_status":"open","ping_status":"open","sticky":false,"template":"","format":"standard","meta":{"jnews-multi-image_gallery":[],"jnews_single_post":{"format":"standard"},"jnews_primary_category":[],"jnews_social_meta":[],"jnews_post_split":[],"footnotes":""},"categories":[1],"tags":[],"class_list":["post-2279","post","type-post","status-publish","format-standard","has-post-thumbnail","hentry","category-uncategorized"],"_links":{"self":[{"href":"https:\/\/diariodepernambuco.audiencelabs.com.br\/wp-json\/wp\/v2\/posts\/2279","targetHints":{"allow":["GET"]}}],"collection":[{"href":"https:\/\/diariodepernambuco.audiencelabs.com.br\/wp-json\/wp\/v2\/posts"}],"about":[{"href":"https:\/\/diariodepernambuco.audiencelabs.com.br\/wp-json\/wp\/v2\/types\/post"}],"author":[{"embeddable":true,"href":"https:\/\/diariodepernambuco.audiencelabs.com.br\/wp-json\/wp\/v2\/users\/4"}],"replies":[{"embeddable":true,"href":"https:\/\/diariodepernambuco.audiencelabs.com.br\/wp-json\/wp\/v2\/comments?post=2279"}],"version-history":[{"count":2,"href":"https:\/\/diariodepernambuco.audiencelabs.com.br\/wp-json\/wp\/v2\/posts\/2279\/revisions"}],"predecessor-version":[{"id":2282,"href":"https:\/\/diariodepernambuco.audiencelabs.com.br\/wp-json\/wp\/v2\/posts\/2279\/revisions\/2282"}],"wp:featuredmedia":[{"embeddable":true,"href":"https:\/\/diariodepernambuco.audiencelabs.com.br\/wp-json\/wp\/v2\/media\/2280"}],"wp:attachment":[{"href":"https:\/\/diariodepernambuco.audiencelabs.com.br\/wp-json\/wp\/v2\/media?parent=2279"}],"wp:term":[{"taxonomy":"category","embeddable":true,"href":"https:\/\/diariodepernambuco.audiencelabs.com.br\/wp-json\/wp\/v2\/categories?post=2279"},{"taxonomy":"post_tag","embeddable":true,"href":"https:\/\/diariodepernambuco.audiencelabs.com.br\/wp-json\/wp\/v2\/tags?post=2279"}],"curies":[{"name":"wp","href":"https:\/\/api.w.org\/{rel}","templated":true}]}}