{"id":2283,"date":"2025-09-02T12:30:00","date_gmt":"2025-09-02T15:30:00","guid":{"rendered":"https:\/\/diariodepernambuco.audiencelabs.com.br\/?p=2283"},"modified":"2025-09-01T08:29:53","modified_gmt":"2025-09-01T11:29:53","slug":"papa-leao-surpreende-e-declara-fim-do-ciclo","status":"publish","type":"post","link":"https:\/\/diariodepernambuco.audiencelabs.com.br\/papa-leao-surpreende-e-declara-fim-do-ciclo\/","title":{"rendered":"Papa Le\u00e3o surpreende e declara fim do ciclo"},"content":{"rendered":"\n<p>O Papa Le\u00e3o, primeiro l\u00edder da Igreja Cat\u00f3lica nascido nos Estados Unidos, rezou neste domingo (31) para que Deus \u201cponha fim \u00e0 pandemia de armas\u201d, ap\u00f3s o tiroteio ocorrido na quarta-feira (27) em uma escola cat\u00f3lica em Minnesota, que resultou na morte de duas crian\u00e7as.<\/p>\n\n\n\n<p>\u201cNossas ora\u00e7\u00f5es (v\u00e3o) para as v\u00edtimas do tr\u00e1gico tiroteio. Vamos suplicar a Deus que detenha a pandemia de armas grandes e pequenas, que infecta nosso mundo&#8221;, disse o Papa, falando em ingl\u00eas, em uma ora\u00e7\u00e3o semanal na Pra\u00e7a de S\u00e3o Pedro.<\/p>\n\n\n\n<p>Le\u00e3o foi eleito papa pelos cardeais de diversas partes do mundo em maio, ap\u00f3s o falecimento do Papa Francisco. Seu estilo difere do de seu antecessor: raramente fala de improviso e costuma adotar um tom mais cauteloso em seus pronunciamentos p\u00fablicos. O apelo feito neste domingo foi uma rara ocasi\u00e3o em que o papa se dirigiu a um p\u00fablico global usando seu ingl\u00eas nativo.<\/p>\n\n\n\n<p>Segundo um comunicado do Vaticano, o Papa recebeu \u201ccom profunda tristeza\u201d a not\u00edcia do tiroteio ocorrido na Igreja Cat\u00f3lica da Anuncia\u00e7\u00e3o, em Minneapolis. O balan\u00e7o da trag\u00e9dia \u00e9 de duas v\u00edtimas \u2014 ambas crian\u00e7as de 8 e 10 anos \u2014 e 17 feridos, entre eles outras 14 crian\u00e7as, das quais sete est\u00e3o em estado grave.<\/p>\n\n\n\n<p>O homem que abriu fogo, disparando atrav\u00e9s das janelas contra as crian\u00e7as sentadas nos bancos da igreja durante a Missa, dentro do complexo escolar, teria em seguida tirado a pr\u00f3pria vida. A trag\u00e9dia abalou a comunidade local e levou o governador do Minnesota, Tim Walz, a declarar solidariedade e pedir ora\u00e7\u00f5es pelas v\u00edtimas.<\/p>\n\n\n\n<h2 class=\"wp-block-heading\">FBI classificou ataque como terrorismo<\/h2>\n\n\n\n<p>O FBI (Federal Bureau of Investigation) classificou o tiroteio na Igreja Annunciation em Minneapolis como um ato de terrorismo dom\u00e9stico e crime de \u00f3dio contra cat\u00f3licos. O agressor utilizou 3 armas diferentes para efetuar de disparos contra a igreja cat\u00f3lica.<\/p>\n\n\n\n<p>O diretor do FBI, Kash Patel, afirmou que a ag\u00eancia investiga o tiroteio &#8220;como um ato de terrorismo dom\u00e9stico e crime de \u00f3dio contra cat\u00f3licos&#8221;. O&#8217;Hara informou que Robin Westman n\u00e3o possu\u00eda antecedentes criminais conhecidos, agiu sozinha e adquiriu as armas recentemente por meios legais.<\/p>\n\n\n\n<p><\/p>\n","protected":false},"excerpt":{"rendered":"<p>O Papa Le\u00e3o, primeiro l\u00edder da Igreja Cat\u00f3lica nascido nos Estados Unidos, rezou neste domingo (31) para que Deus \u201cponha fim \u00e0 pandemia de armas\u201d, ap\u00f3s o tiroteio ocorrido na quarta-feira (27) em uma escola cat\u00f3lica em Minnesota, que resultou na morte de duas crian\u00e7as. \u201cNossas ora\u00e7\u00f5es (v\u00e3o) para as v\u00edtimas do tr\u00e1gico tiroteio. Vamos [&hellip;]<\/p>\n","protected":false},"author":4,"featured_media":448,"comment_status":"open","ping_status":"open","sticky":false,"template":"","format":"standard","meta":{"jnews-multi-image_gallery":[],"jnews_single_post":{"format":"standard"},"jnews_primary_category":[],"jnews_social_meta":[],"jnews_post_split":[],"footnotes":""},"categories":[1],"tags":[],"class_list":["post-2283","post","type-post","status-publish","format-standard","has-post-thumbnail","hentry","category-uncategorized"],"_links":{"self":[{"href":"https:\/\/diariodepernambuco.audiencelabs.com.br\/wp-json\/wp\/v2\/posts\/2283","targetHints":{"allow":["GET"]}}],"collection":[{"href":"https:\/\/diariodepernambuco.audiencelabs.com.br\/wp-json\/wp\/v2\/posts"}],"about":[{"href":"https:\/\/diariodepernambuco.audiencelabs.com.br\/wp-json\/wp\/v2\/types\/post"}],"author":[{"embeddable":true,"href":"https:\/\/diariodepernambuco.audiencelabs.com.br\/wp-json\/wp\/v2\/users\/4"}],"replies":[{"embeddable":true,"href":"https:\/\/diariodepernambuco.audiencelabs.com.br\/wp-json\/wp\/v2\/comments?post=2283"}],"version-history":[{"count":2,"href":"https:\/\/diariodepernambuco.audiencelabs.com.br\/wp-json\/wp\/v2\/posts\/2283\/revisions"}],"predecessor-version":[{"id":2285,"href":"https:\/\/diariodepernambuco.audiencelabs.com.br\/wp-json\/wp\/v2\/posts\/2283\/revisions\/2285"}],"wp:featuredmedia":[{"embeddable":true,"href":"https:\/\/diariodepernambuco.audiencelabs.com.br\/wp-json\/wp\/v2\/media\/448"}],"wp:attachment":[{"href":"https:\/\/diariodepernambuco.audiencelabs.com.br\/wp-json\/wp\/v2\/media?parent=2283"}],"wp:term":[{"taxonomy":"category","embeddable":true,"href":"https:\/\/diariodepernambuco.audiencelabs.com.br\/wp-json\/wp\/v2\/categories?post=2283"},{"taxonomy":"post_tag","embeddable":true,"href":"https:\/\/diariodepernambuco.audiencelabs.com.br\/wp-json\/wp\/v2\/tags?post=2283"}],"curies":[{"name":"wp","href":"https:\/\/api.w.org\/{rel}","templated":true}]}}