{"id":22831,"date":"2026-03-31T14:15:00","date_gmt":"2026-03-31T17:15:00","guid":{"rendered":"https:\/\/diariodepernambuco.audiencelabs.com.br\/?p=22831"},"modified":"2026-03-30T12:22:02","modified_gmt":"2026-03-30T15:22:02","slug":"onde-assistir-brasil-x-croacia-pela-tv-e-no-youtube","status":"publish","type":"post","link":"https:\/\/diariodepernambuco.audiencelabs.com.br\/onde-assistir-brasil-x-croacia-pela-tv-e-no-youtube\/","title":{"rendered":"Onde assistir Brasil x Cro\u00e1cia pela TV e no YouTube"},"content":{"rendered":"\n<p>Ap\u00f3s a derrota para a Sele\u00e7\u00e3o Francesa na \u00faltima quinta-feira (26), a Sele\u00e7\u00e3o Brasileira volta a campo para mais um amistoso importante nesta Data Fifa. O advers\u00e1rio da vez \u00e9 a Cro\u00e1cia, equipe que ficou marcada por eliminar o Brasil na Copa do Mundo de 2022, reacendendo uma rivalidade recente entre as sele\u00e7\u00f5es.<\/p>\n\n\n\n<p>A Cro\u00e1cia chega embalada ap\u00f3s vit\u00f3ria sobre a Col\u00f4mbia, em Orlando, e pode voltar a cruzar o caminho do Brasil na Copa do Mundo de 2026. O confronto tamb\u00e9m marca o segundo e \u00faltimo compromisso da equipe comandada por Carlo Ancelotti antes da convoca\u00e7\u00e3o final para o Mundial, prevista para o dia 18 de maio.<\/p>\n\n\n\n<p>Para os torcedores que querem acompanhar o duelo, a partida ter\u00e1 transmiss\u00e3o ao vivo na TV aberta pela TV Globo. Al\u00e9m disso, o jogo tamb\u00e9m ser\u00e1 exibido na SporTV e na plataforma digital GE, ampliando as op\u00e7\u00f5es para quem prefere assistir pela internet ou dispositivos m\u00f3veis.<\/p>\n\n\n\n<p>A prov\u00e1vel escala\u00e7\u00e3o do Brasil conta com nomes como Ederson, Marquinhos, Casemiro e Vini Jr., enquanto a Cro\u00e1cia deve ter destaques como Modric e Perisic entre os titulares. O amistoso promete ser um teste importante para ambas as sele\u00e7\u00f5es, especialmente por reunir equipes que figuram entre as mais competitivas do cen\u00e1rio internacional.<\/p>\n\n\n\n<h2 class=\"wp-block-heading\">Desfalques e retornos marcam prepara\u00e7\u00e3o do Brasil para o amistoso<\/h2>\n\n\n\n<p>A Sele\u00e7\u00e3o Brasileira ter\u00e1 mudan\u00e7as importantes para o confronto, especialmente por conta de desfalques no elenco. Raphinha e Wesley est\u00e3o fora ap\u00f3s sentirem a coxa direita, sendo que o atacante do Barcelona j\u00e1 retornou \u00e0 Espanha para iniciar tratamento, com previs\u00e3o de recupera\u00e7\u00e3o de cerca de cinco semanas.<\/p>\n\n\n\n<p>Por outro lado, o t\u00e9cnico Carlo Ancelotti ganha refor\u00e7os importantes. Vin\u00edcius J\u00fanior voltou a treinar normalmente e deve ficar \u00e0 disposi\u00e7\u00e3o, enquanto Marquinhos tamb\u00e9m retorna. O Brasil deve ir \u00e0 campo com Ederson, Iba\u00f1ez, Marquinhos, L\u00e9o Pereira e Douglas Santos; Casemiro e Danilo; Luiz Henrique, Matheus Cunha, Jo\u00e3o Pedro e Vini Jr.<\/p>\n","protected":false},"excerpt":{"rendered":"<p>Ap\u00f3s a derrota para a Sele\u00e7\u00e3o Francesa na \u00faltima quinta-feira (26), a Sele\u00e7\u00e3o Brasileira volta a campo para mais um amistoso importante nesta Data Fifa. O advers\u00e1rio da vez \u00e9 a Cro\u00e1cia, equipe que ficou marcada por eliminar o Brasil na Copa do Mundo de 2022, reacendendo uma rivalidade recente entre as sele\u00e7\u00f5es. A Cro\u00e1cia [&hellip;]<\/p>\n","protected":false},"author":4,"featured_media":22835,"comment_status":"open","ping_status":"open","sticky":false,"template":"","format":"standard","meta":{"jnews-multi-image_gallery":[],"jnews_single_post":{"format":"standard"},"jnews_primary_category":[],"jnews_social_meta":[],"jnews_post_split":[],"footnotes":""},"categories":[1],"tags":[],"class_list":["post-22831","post","type-post","status-publish","format-standard","has-post-thumbnail","hentry","category-uncategorized"],"_links":{"self":[{"href":"https:\/\/diariodepernambuco.audiencelabs.com.br\/wp-json\/wp\/v2\/posts\/22831","targetHints":{"allow":["GET"]}}],"collection":[{"href":"https:\/\/diariodepernambuco.audiencelabs.com.br\/wp-json\/wp\/v2\/posts"}],"about":[{"href":"https:\/\/diariodepernambuco.audiencelabs.com.br\/wp-json\/wp\/v2\/types\/post"}],"author":[{"embeddable":true,"href":"https:\/\/diariodepernambuco.audiencelabs.com.br\/wp-json\/wp\/v2\/users\/4"}],"replies":[{"embeddable":true,"href":"https:\/\/diariodepernambuco.audiencelabs.com.br\/wp-json\/wp\/v2\/comments?post=22831"}],"version-history":[{"count":2,"href":"https:\/\/diariodepernambuco.audiencelabs.com.br\/wp-json\/wp\/v2\/posts\/22831\/revisions"}],"predecessor-version":[{"id":22834,"href":"https:\/\/diariodepernambuco.audiencelabs.com.br\/wp-json\/wp\/v2\/posts\/22831\/revisions\/22834"}],"wp:featuredmedia":[{"embeddable":true,"href":"https:\/\/diariodepernambuco.audiencelabs.com.br\/wp-json\/wp\/v2\/media\/22835"}],"wp:attachment":[{"href":"https:\/\/diariodepernambuco.audiencelabs.com.br\/wp-json\/wp\/v2\/media?parent=22831"}],"wp:term":[{"taxonomy":"category","embeddable":true,"href":"https:\/\/diariodepernambuco.audiencelabs.com.br\/wp-json\/wp\/v2\/categories?post=22831"},{"taxonomy":"post_tag","embeddable":true,"href":"https:\/\/diariodepernambuco.audiencelabs.com.br\/wp-json\/wp\/v2\/tags?post=22831"}],"curies":[{"name":"wp","href":"https:\/\/api.w.org\/{rel}","templated":true}]}}