{"id":22858,"date":"2026-03-31T13:03:00","date_gmt":"2026-03-31T16:03:00","guid":{"rendered":"https:\/\/diariodepernambuco.audiencelabs.com.br\/?p=22858"},"modified":"2026-03-30T14:38:39","modified_gmt":"2026-03-30T17:38:39","slug":"semana-mais-quente-dos-ultimos-tempos-em-varias-cidades","status":"publish","type":"post","link":"https:\/\/diariodepernambuco.audiencelabs.com.br\/semana-mais-quente-dos-ultimos-tempos-em-varias-cidades\/","title":{"rendered":"Semana mais quente dos \u00faltimos tempos em v\u00e1rias cidades"},"content":{"rendered":"\n<p>Embora o outono esteja prestes a completar sua segunda semana em vigor, os brasileiros devem <strong>estar preparados para revisitar o ver\u00e3o<\/strong>, pois segundo previs\u00f5es, os term\u00f4metros devem superar a m\u00e9dia hist\u00f3rica em algumas regi\u00f5es.<\/p>\n\n\n\n<p>As maiores eleva\u00e7\u00f5es de temperatura est\u00e3o <strong>previstas para ocorrer no Sul do pa\u00eds<\/strong>, uma vez que, nesta semana, uma massa de ar quente de origem tropical seguir\u00e1 persistindo na regi\u00e3o e, assim, mantendo os \u00edndices acima do padr\u00e3o do per\u00edodo.<\/p>\n\n\n\n<p>De acordo com informa\u00e7\u00f5es divulgadas pelo portal <em>MetSul<\/em>, locais como o oeste e noroeste do Rio Grande do Sul, oeste de Santa Catarina e o oeste e o Noroeste do Paran\u00e1 ser\u00e3o os mais afetados, <strong>apresentando m\u00e1ximas que podem superar os 35\u00baC<\/strong>.<\/p>\n\n\n\n<p>E vale destacar que <strong>as condi\u00e7\u00f5es devem se estender at\u00e9 o fim de semana<\/strong>, pois a previs\u00e3o \u00e9 de que as temperaturas comecem a subir principalmente a partir de quinta-feira (2) e se mantenham em alta durante o fim de semana de P\u00e1scoa.<\/p>\n\n\n\n<p>As previs\u00f5es divulgadas pelo portal <em>MetSul<\/em> revelaram ainda que o calor <strong>deve se intensificar principalmente em cidades ga\u00fachas <\/strong>entre sexta-feira (3) e s\u00e1bado (4) e variar de 30 \u00b0C a mais de 35 \u00b0C, dependendo da localidade.<\/p>\n\n\n\n<h2 class=\"wp-block-heading\">Refresco tempor\u00e1rio: clima quente se despede do Sul por pouco tempo<\/h2>\n\n\n\n<p>Dados apurados tamb\u00e9m revelaram que, a partir de domingo (5), uma massa de ar frio que vai avan\u00e7ar pela Argentina e o Uruguai promete reduzir as temperaturas, garantindo um pouco de frescor depois de dias de calor intenso.<\/p>\n\n\n\n<p>Entretanto, o al\u00edvio ser\u00e1 tempor\u00e1rio, j\u00e1 que <strong>um novo aquecimento est\u00e1 previsto para se instaurar na pr\u00f3xima semana<\/strong>, concedendo, assim, apenas um curto per\u00edodo de refresco para os moradores da regi\u00e3o Sul.<\/p>\n\n\n\n<p>A situa\u00e7\u00e3o tende a favorecer a instabilidade do clima, o que pode fazer com que chuvas se espalhem pela regi\u00e3o, principalmente nas \u00e1reas em que o clima quente apareceu de forma mais intensa.<\/p>\n","protected":false},"excerpt":{"rendered":"<p>Embora o outono esteja prestes a completar sua segunda semana em vigor, os brasileiros devem estar preparados para revisitar o ver\u00e3o, pois segundo previs\u00f5es, os term\u00f4metros devem superar a m\u00e9dia hist\u00f3rica em algumas regi\u00f5es. As maiores eleva\u00e7\u00f5es de temperatura est\u00e3o previstas para ocorrer no Sul do pa\u00eds, uma vez que, nesta semana, uma massa de [&hellip;]<\/p>\n","protected":false},"author":15,"featured_media":22859,"comment_status":"open","ping_status":"open","sticky":false,"template":"","format":"standard","meta":{"jnews-multi-image_gallery":[],"jnews_single_post":{"format":"standard"},"jnews_primary_category":[],"jnews_social_meta":[],"jnews_post_split":[],"footnotes":""},"categories":[1],"tags":[],"class_list":["post-22858","post","type-post","status-publish","format-standard","has-post-thumbnail","hentry","category-uncategorized"],"_links":{"self":[{"href":"https:\/\/diariodepernambuco.audiencelabs.com.br\/wp-json\/wp\/v2\/posts\/22858","targetHints":{"allow":["GET"]}}],"collection":[{"href":"https:\/\/diariodepernambuco.audiencelabs.com.br\/wp-json\/wp\/v2\/posts"}],"about":[{"href":"https:\/\/diariodepernambuco.audiencelabs.com.br\/wp-json\/wp\/v2\/types\/post"}],"author":[{"embeddable":true,"href":"https:\/\/diariodepernambuco.audiencelabs.com.br\/wp-json\/wp\/v2\/users\/15"}],"replies":[{"embeddable":true,"href":"https:\/\/diariodepernambuco.audiencelabs.com.br\/wp-json\/wp\/v2\/comments?post=22858"}],"version-history":[{"count":1,"href":"https:\/\/diariodepernambuco.audiencelabs.com.br\/wp-json\/wp\/v2\/posts\/22858\/revisions"}],"predecessor-version":[{"id":22860,"href":"https:\/\/diariodepernambuco.audiencelabs.com.br\/wp-json\/wp\/v2\/posts\/22858\/revisions\/22860"}],"wp:featuredmedia":[{"embeddable":true,"href":"https:\/\/diariodepernambuco.audiencelabs.com.br\/wp-json\/wp\/v2\/media\/22859"}],"wp:attachment":[{"href":"https:\/\/diariodepernambuco.audiencelabs.com.br\/wp-json\/wp\/v2\/media?parent=22858"}],"wp:term":[{"taxonomy":"category","embeddable":true,"href":"https:\/\/diariodepernambuco.audiencelabs.com.br\/wp-json\/wp\/v2\/categories?post=22858"},{"taxonomy":"post_tag","embeddable":true,"href":"https:\/\/diariodepernambuco.audiencelabs.com.br\/wp-json\/wp\/v2\/tags?post=22858"}],"curies":[{"name":"wp","href":"https:\/\/api.w.org\/{rel}","templated":true}]}}