{"id":22879,"date":"2026-03-31T16:03:00","date_gmt":"2026-03-31T19:03:00","guid":{"rendered":"https:\/\/diariodepernambuco.audiencelabs.com.br\/?p=22879"},"modified":"2026-03-30T17:19:11","modified_gmt":"2026-03-30T20:19:11","slug":"reforma-trabalhista-que-foi-aprovada-acaba-de-ser-cancelada-pela-justica-neste-pais","status":"publish","type":"post","link":"https:\/\/diariodepernambuco.audiencelabs.com.br\/reforma-trabalhista-que-foi-aprovada-acaba-de-ser-cancelada-pela-justica-neste-pais\/","title":{"rendered":"Reforma trabalhista que foi aprovada acaba de ser cancelada pela Justi\u00e7a neste pa\u00eds"},"content":{"rendered":"\n<p>Apesar de ter sido aprovada pelo Senado argentino no fim do m\u00eas passado,<strong> a nova reforma trabalhista da Argentina<\/strong>, que acabou gerando tens\u00f5es e protestos por todo o pa\u00eds desde quando foi anunciada, acabou tendo dezenas de seus trechos suspensos pela Justi\u00e7a do pa\u00eds.<\/p>\n\n\n\n<p>A informa\u00e7\u00e3o foi confirmada pela ag\u00eancia de not\u00edcias <em>France Presse (AFP)<\/em>, que relatou que a decis\u00e3o <strong>atingiu pelo menos 82 artigos <\/strong>dos mais de 200 que a lei cont\u00e9m e, assim, alterando drasticamente a proposta apresentada pelo governo de Javier Milei.<\/p>\n\n\n\n<p>Vale destacar ainda que, conforme divulgado pelos jornais <em>La Naci\u00f3n<\/em> e <em>Clar\u00edn<\/em>, o parecer <strong>atende a um pedido da Confedera\u00e7\u00e3o Geral do Trabalho (CGT)<\/strong>, que, desde o an\u00fancio da reforma, veio questionando a legalidade de diversos pontos apresentados.<\/p>\n\n\n\n<p>Embora possam parecer poucas, considerando que o texto conta com centenas de artigos, \u00e9 relevante ressaltar que<strong> as suspens\u00f5es atingem o n\u00facleo da reforma<\/strong>, j\u00e1 que afetam pontos relacionados a temas como jornada de trabalho, demiss\u00f5es e organiza\u00e7\u00e3o laboral, tais como:<\/p>\n\n\n\n<ul class=\"wp-block-list\">\n<li>Amplia\u00e7\u00e3o da jornada de trabalho para at\u00e9 12 horas di\u00e1rias sem pagamento de horas extras;<\/li>\n\n\n\n<li>Redu\u00e7\u00e3o do valor das indeniza\u00e7\u00f5es por demiss\u00e3o;<\/li>\n\n\n\n<li>Possibilidade de parcelamento das indeniza\u00e7\u00f5es;<\/li>\n\n\n\n<li>Fracionamento obrigat\u00f3rio de f\u00e9rias;<\/li>\n\n\n\n<li>Restri\u00e7\u00f5es ao direito de greve;<\/li>\n\n\n\n<li>Regras que dificultavam o reconhecimento de v\u00ednculo empregat\u00edcio; entre outros.<\/li>\n<\/ul>\n\n\n\n<h2 class=\"wp-block-heading\">Suspens\u00e3o de trechos de reforma pode ser revogada<\/h2>\n\n\n\n<p>A suspens\u00e3o de trechos da reforma<strong> tem car\u00e1ter provis\u00f3rio<\/strong> e permanecer\u00e1 em vigor somente at\u00e9 o julgamento definitivo do caso. Nesse per\u00edodo, o CGT e o governo dever\u00e3o dialogar para buscar uma solu\u00e7\u00e3o que atenda a todas as partes.<\/p>\n\n\n\n<p>Todavia, \u00e9 ineg\u00e1vel que o consenso n\u00e3o ser\u00e1 alcan\u00e7ado com facilidade, uma vez que, segundo informa\u00e7\u00f5es do <em>La Naci\u00f3n<\/em> e <em>Clar\u00edn<\/em>, o governo de Milei permanece convicto da necessidade de todos os pontos, enquanto o CGT v\u00ea as mudan\u00e7as como um sacrif\u00edcio de direitos.<\/p>\n\n\n\n<p>Vale lembrar que o governo ainda pode recorrer da decis\u00e3o para tentar preservar a reforma em sua forma original. Por conta disso, o clima de tens\u00e3o na Argentina deve continuar elevado.<\/p>\n","protected":false},"excerpt":{"rendered":"<p>Apesar de ter sido aprovada pelo Senado argentino no fim do m\u00eas passado, a nova reforma trabalhista da Argentina, que acabou gerando tens\u00f5es e protestos por todo o pa\u00eds desde quando foi anunciada, acabou tendo dezenas de seus trechos suspensos pela Justi\u00e7a do pa\u00eds. A informa\u00e7\u00e3o foi confirmada pela ag\u00eancia de not\u00edcias France Presse (AFP), [&hellip;]<\/p>\n","protected":false},"author":15,"featured_media":22880,"comment_status":"open","ping_status":"open","sticky":false,"template":"","format":"standard","meta":{"jnews-multi-image_gallery":[],"jnews_single_post":{"format":"standard"},"jnews_primary_category":[],"jnews_social_meta":[],"jnews_post_split":[],"footnotes":""},"categories":[1],"tags":[],"class_list":["post-22879","post","type-post","status-publish","format-standard","has-post-thumbnail","hentry","category-uncategorized"],"_links":{"self":[{"href":"https:\/\/diariodepernambuco.audiencelabs.com.br\/wp-json\/wp\/v2\/posts\/22879","targetHints":{"allow":["GET"]}}],"collection":[{"href":"https:\/\/diariodepernambuco.audiencelabs.com.br\/wp-json\/wp\/v2\/posts"}],"about":[{"href":"https:\/\/diariodepernambuco.audiencelabs.com.br\/wp-json\/wp\/v2\/types\/post"}],"author":[{"embeddable":true,"href":"https:\/\/diariodepernambuco.audiencelabs.com.br\/wp-json\/wp\/v2\/users\/15"}],"replies":[{"embeddable":true,"href":"https:\/\/diariodepernambuco.audiencelabs.com.br\/wp-json\/wp\/v2\/comments?post=22879"}],"version-history":[{"count":1,"href":"https:\/\/diariodepernambuco.audiencelabs.com.br\/wp-json\/wp\/v2\/posts\/22879\/revisions"}],"predecessor-version":[{"id":22883,"href":"https:\/\/diariodepernambuco.audiencelabs.com.br\/wp-json\/wp\/v2\/posts\/22879\/revisions\/22883"}],"wp:featuredmedia":[{"embeddable":true,"href":"https:\/\/diariodepernambuco.audiencelabs.com.br\/wp-json\/wp\/v2\/media\/22880"}],"wp:attachment":[{"href":"https:\/\/diariodepernambuco.audiencelabs.com.br\/wp-json\/wp\/v2\/media?parent=22879"}],"wp:term":[{"taxonomy":"category","embeddable":true,"href":"https:\/\/diariodepernambuco.audiencelabs.com.br\/wp-json\/wp\/v2\/categories?post=22879"},{"taxonomy":"post_tag","embeddable":true,"href":"https:\/\/diariodepernambuco.audiencelabs.com.br\/wp-json\/wp\/v2\/tags?post=22879"}],"curies":[{"name":"wp","href":"https:\/\/api.w.org\/{rel}","templated":true}]}}