{"id":22885,"date":"2026-04-03T09:30:00","date_gmt":"2026-04-03T12:30:00","guid":{"rendered":"https:\/\/diariodepernambuco.audiencelabs.com.br\/?p=22885"},"modified":"2026-03-30T17:52:46","modified_gmt":"2026-03-30T20:52:46","slug":"salario-minimo-de-r-2-100-foi-aprovado-e-virou-realidade-no-brasil","status":"publish","type":"post","link":"https:\/\/diariodepernambuco.audiencelabs.com.br\/salario-minimo-de-r-2-100-foi-aprovado-e-virou-realidade-no-brasil\/","title":{"rendered":"Sal\u00e1rio m\u00ednimo de R$ 2.100 foi aprovado e virou realidade no Brasil"},"content":{"rendered":"\n<p>Dados divulgados pelo Instituto Brasileiro de Geografia e Estat\u00edstica (IBGE) revelam que pouco mais de 35% dos trabalhadores brasileiros <strong>recebem um sal\u00e1rio m\u00ednimo por m\u00eas<\/strong>, que, atualmente, corresponde ao valor de R$ 1.621.<\/p>\n\n\n\n<p>Contudo, em alguns estados, muitos profissionais acabam<strong> recebendo remunera\u00e7\u00f5es cujo valor total supera o piso nacional<\/strong>, uma vez que os montantes s\u00e3o definidos de forma independente para preservar o poder de compra conforme a realidade local.<\/p>\n\n\n\n<p>Um excelente exemplo deste tipo de situa\u00e7\u00e3o ocorreu recentemente em Santa Catarina, que <strong>elevou seu piso estadual em 6,49%<\/strong>, o que resultou em um aumento de centenas de reais no sal\u00e1rio de diversos trabalhadores.<\/p>\n\n\n\n<p>As remunera\u00e7\u00f5es mais elevadas <strong>chegam a R$ 2.106<\/strong> e s\u00e3o destinadas a trabalhadores da sa\u00fade e motoristas de transporte. E vale destacar que os benef\u00edcios associados a esse montante n\u00e3o se limitam ao sal\u00e1rio.<\/p>\n\n\n\n<p>Afinal, o valor tamb\u00e9m se reflete no 13\u00ba sal\u00e1rio, horas extras e remunera\u00e7\u00e3o de f\u00e9rias. Sendo assim, profissionais podem desfrutar de todos os benef\u00edcios oferecidos pela Consolida\u00e7\u00e3o das Leis do Trabalho <strong>sem se preocupar com nenhum tipo de disparidade<\/strong>.<\/p>\n\n\n\n<h2 class=\"wp-block-heading\">Sal\u00e1rio m\u00ednimo estadual \u00e9 exclusivo para grupos espec\u00edficos de trabalhadores<\/h2>\n\n\n\n<p>Al\u00e9m de, geralmente, ser estruturado em faixas que contemplam profissionais com diferentes n\u00edveis de forma\u00e7\u00e3o, o sal\u00e1rio m\u00ednimo estadual tamb\u00e9m<strong> se aplica de forma exclusiva a determinados grupos de trabalhadores<\/strong>, sendo eles:<\/p>\n\n\n\n<ul class=\"wp-block-list\">\n<li>Trabalhadores da iniciativa privada que n\u00e3o possuem piso salarial definido por lei federal;<\/li>\n\n\n\n<li>Categorias que n\u00e3o possuem uma conven\u00e7\u00e3o coletiva que estipule um piso superior ao m\u00ednimo estadual;<\/li>\n\n\n\n<li>Empregados dom\u00e9sticos, caso n\u00e3o possuam piso definido de outra forma.<\/li>\n<\/ul>\n\n\n\n<p>Sendo assim, servidores p\u00fablicos municipais ou estaduais ou trabalhadores de categorias com piso pr\u00f3prio <strong>n\u00e3o s\u00e3o contemplados pelo piso regional<\/strong>, ainda que sua remunera\u00e7\u00e3o mensal seja menor que o m\u00ednimo estadual, pois eles est\u00e3o sujeitos \u00e0s normas estabelecidas por seus pr\u00f3prios sindicatos ou conven\u00e7\u00f5es.<\/p>\n","protected":false},"excerpt":{"rendered":"<p>Dados divulgados pelo Instituto Brasileiro de Geografia e Estat\u00edstica (IBGE) revelam que pouco mais de 35% dos trabalhadores brasileiros recebem um sal\u00e1rio m\u00ednimo por m\u00eas, que, atualmente, corresponde ao valor de R$ 1.621. Contudo, em alguns estados, muitos profissionais acabam recebendo remunera\u00e7\u00f5es cujo valor total supera o piso nacional, uma vez que os montantes s\u00e3o [&hellip;]<\/p>\n","protected":false},"author":15,"featured_media":22887,"comment_status":"open","ping_status":"open","sticky":false,"template":"","format":"standard","meta":{"jnews-multi-image_gallery":[],"jnews_single_post":{"format":"standard"},"jnews_primary_category":[],"jnews_social_meta":[],"jnews_post_split":[],"footnotes":""},"categories":[1],"tags":[],"class_list":["post-22885","post","type-post","status-publish","format-standard","has-post-thumbnail","hentry","category-uncategorized"],"_links":{"self":[{"href":"https:\/\/diariodepernambuco.audiencelabs.com.br\/wp-json\/wp\/v2\/posts\/22885","targetHints":{"allow":["GET"]}}],"collection":[{"href":"https:\/\/diariodepernambuco.audiencelabs.com.br\/wp-json\/wp\/v2\/posts"}],"about":[{"href":"https:\/\/diariodepernambuco.audiencelabs.com.br\/wp-json\/wp\/v2\/types\/post"}],"author":[{"embeddable":true,"href":"https:\/\/diariodepernambuco.audiencelabs.com.br\/wp-json\/wp\/v2\/users\/15"}],"replies":[{"embeddable":true,"href":"https:\/\/diariodepernambuco.audiencelabs.com.br\/wp-json\/wp\/v2\/comments?post=22885"}],"version-history":[{"count":1,"href":"https:\/\/diariodepernambuco.audiencelabs.com.br\/wp-json\/wp\/v2\/posts\/22885\/revisions"}],"predecessor-version":[{"id":22888,"href":"https:\/\/diariodepernambuco.audiencelabs.com.br\/wp-json\/wp\/v2\/posts\/22885\/revisions\/22888"}],"wp:featuredmedia":[{"embeddable":true,"href":"https:\/\/diariodepernambuco.audiencelabs.com.br\/wp-json\/wp\/v2\/media\/22887"}],"wp:attachment":[{"href":"https:\/\/diariodepernambuco.audiencelabs.com.br\/wp-json\/wp\/v2\/media?parent=22885"}],"wp:term":[{"taxonomy":"category","embeddable":true,"href":"https:\/\/diariodepernambuco.audiencelabs.com.br\/wp-json\/wp\/v2\/categories?post=22885"},{"taxonomy":"post_tag","embeddable":true,"href":"https:\/\/diariodepernambuco.audiencelabs.com.br\/wp-json\/wp\/v2\/tags?post=22885"}],"curies":[{"name":"wp","href":"https:\/\/api.w.org\/{rel}","templated":true}]}}