{"id":22889,"date":"2026-04-03T06:45:00","date_gmt":"2026-04-03T09:45:00","guid":{"rendered":"https:\/\/diariodepernambuco.audiencelabs.com.br\/?p=22889"},"modified":"2026-03-30T18:22:05","modified_gmt":"2026-03-30T21:22:05","slug":"nova-decisao-do-stj-define-regras-para-pensao-alimenticia","status":"publish","type":"post","link":"https:\/\/diariodepernambuco.audiencelabs.com.br\/nova-decisao-do-stj-define-regras-para-pensao-alimenticia\/","title":{"rendered":"Nova decis\u00e3o do STJ define regras para pens\u00e3o aliment\u00edcia"},"content":{"rendered":"\n<p>Tema recorrente nos tribunais,<strong> a pens\u00e3o aliment\u00edcia<\/strong> consiste, em suma, em um valor a ser pago periodicamente por um indiv\u00edduo a filhos, ex-c\u00f4njuges ou parentes, com o objetivo de assegurar o atendimento das necessidades b\u00e1sicas de quem n\u00e3o pode se sustentar.<\/p>\n\n\n\n<p>E para garantir que nenhuma das partes seja desfavorecida, uma decis\u00e3o recente do Superior Tribunal de Justi\u00e7a (STJ) refor\u00e7ou o entendimento de que <strong>n\u00e3o s\u00e3o apenas as condi\u00e7\u00f5es dos benefici\u00e1rios que devem ser valorizadas<\/strong>.<\/p>\n\n\n\n<p>Afinal, para arcar com o valor, o alimentante precisa dispor de recursos suficientes. Portanto, para a Corte, <strong>a realidade financeira de quem contribui <\/strong>deve ser considerada, a fim de evitar cobran\u00e7as desproporcionais.<\/p>\n\n\n\n<p>O entendimento acompanha as normas estabelecidas pelo C\u00f3digo Civil, que prev\u00ea que o valor deve equilibrar o que a crian\u00e7a precisa com o que o respons\u00e1vel pode pagar, garantindo assim que <strong>os custos m\u00ednimos para a subsist\u00eancia n\u00e3o sejam comprometidos<\/strong>.<\/p>\n\n\n\n<p>Na pr\u00e1tica, isso significa que, mesmo diante de um pedido de aumento, o valor da pens\u00e3o somente poder\u00e1 ser elevado<strong> caso a renda do alimentante seja suficiente<\/strong> para suport\u00e1-lo sem preju\u00edzos.<\/p>\n\n\n\n<h2 class=\"wp-block-heading\">STJ nega solicita\u00e7\u00e3o de reajuste de pens\u00e3o por melhorias no padr\u00e3o de vida<\/h2>\n\n\n\n<p>Conforme mencionado anteriormente, o entendimento acerca da proporcionalidade da pens\u00e3o STJ foi refor\u00e7ado pelo STJ por conta de uma decis\u00e3o recente, que envolveu <strong>o caso de uma m\u00e3e solicitando reajuste<\/strong>.<\/p>\n\n\n\n<p>Conforme divulgado pelo <em>Portal6<\/em>, no processo, a mulher alegou que o aumento era necess\u00e1rio para arcar com o aumento nas despesas, motivados pelo aumento no padr\u00e3o de vida. Contudo, o pai comprovou que sua renda n\u00e3o havia sofrido nenhum tipo de altera\u00e7\u00e3o.<\/p>\n\n\n\n<p>Como um novo aumento poderia comprometer significativamente o or\u00e7amento do homem, podendo inclusive amea\u00e7ar sua subsist\u00eancia, o STJ decidiu <strong>manter as decis\u00f5es anteriores e negar o reajuste<\/strong>, reafirmando assim que pens\u00e3o n\u00e3o deve sustentar um padr\u00e3o acima da realidade financeira de quem a paga.<\/p>\n","protected":false},"excerpt":{"rendered":"<p>Tema recorrente nos tribunais, a pens\u00e3o aliment\u00edcia consiste, em suma, em um valor a ser pago periodicamente por um indiv\u00edduo a filhos, ex-c\u00f4njuges ou parentes, com o objetivo de assegurar o atendimento das necessidades b\u00e1sicas de quem n\u00e3o pode se sustentar. E para garantir que nenhuma das partes seja desfavorecida, uma decis\u00e3o recente do Superior [&hellip;]<\/p>\n","protected":false},"author":15,"featured_media":22890,"comment_status":"open","ping_status":"open","sticky":false,"template":"","format":"standard","meta":{"jnews-multi-image_gallery":[],"jnews_single_post":{"format":"standard"},"jnews_primary_category":[],"jnews_social_meta":[],"jnews_post_split":[],"footnotes":""},"categories":[1],"tags":[],"class_list":["post-22889","post","type-post","status-publish","format-standard","has-post-thumbnail","hentry","category-uncategorized"],"_links":{"self":[{"href":"https:\/\/diariodepernambuco.audiencelabs.com.br\/wp-json\/wp\/v2\/posts\/22889","targetHints":{"allow":["GET"]}}],"collection":[{"href":"https:\/\/diariodepernambuco.audiencelabs.com.br\/wp-json\/wp\/v2\/posts"}],"about":[{"href":"https:\/\/diariodepernambuco.audiencelabs.com.br\/wp-json\/wp\/v2\/types\/post"}],"author":[{"embeddable":true,"href":"https:\/\/diariodepernambuco.audiencelabs.com.br\/wp-json\/wp\/v2\/users\/15"}],"replies":[{"embeddable":true,"href":"https:\/\/diariodepernambuco.audiencelabs.com.br\/wp-json\/wp\/v2\/comments?post=22889"}],"version-history":[{"count":1,"href":"https:\/\/diariodepernambuco.audiencelabs.com.br\/wp-json\/wp\/v2\/posts\/22889\/revisions"}],"predecessor-version":[{"id":22891,"href":"https:\/\/diariodepernambuco.audiencelabs.com.br\/wp-json\/wp\/v2\/posts\/22889\/revisions\/22891"}],"wp:featuredmedia":[{"embeddable":true,"href":"https:\/\/diariodepernambuco.audiencelabs.com.br\/wp-json\/wp\/v2\/media\/22890"}],"wp:attachment":[{"href":"https:\/\/diariodepernambuco.audiencelabs.com.br\/wp-json\/wp\/v2\/media?parent=22889"}],"wp:term":[{"taxonomy":"category","embeddable":true,"href":"https:\/\/diariodepernambuco.audiencelabs.com.br\/wp-json\/wp\/v2\/categories?post=22889"},{"taxonomy":"post_tag","embeddable":true,"href":"https:\/\/diariodepernambuco.audiencelabs.com.br\/wp-json\/wp\/v2\/tags?post=22889"}],"curies":[{"name":"wp","href":"https:\/\/api.w.org\/{rel}","templated":true}]}}